{"id":2876,"date":"2018-09-28T19:13:42","date_gmt":"2018-09-28T17:13:42","guid":{"rendered":"http:\/\/www.ungarn-in-sachsen.de\/?p=2876"},"modified":"2019-07-23T19:36:49","modified_gmt":"2019-07-23T17:36:49","slug":"magyar-talalkozo-2018","status":"publish","type":"post","link":"https:\/\/www.ungarn-in-sachsen.de\/hu\/magyar-talalkozo-2018\/","title":{"rendered":"Magyar tal\u00e1lkoz\u00f3 2018"},"content":{"rendered":"<h3 align=\"center\"><b>Megh\u00edv\u00f3 a magyar tal\u00e1lkoz\u00f3ra 2018<\/b><\/h3>\n<p>Kedves magyarok \u00e9s magyarbar\u00e1tok!<\/p>\n<p>A Magyar Kultur\u00e1lis Egyes\u00fclet Chemnitz \u00e9s k\u00f6rny\u00e9ke szeretettel megh\u00edv minden \u00e9rdekl\u0151d\u0151t\u00a0 az \u00e9venk\u00e9nt megszervez\u00e9sre ker\u00fcl\u0151 magyar tal\u00e1lkoz\u00f3ra, mely\u00a0 <b>2018 november 10-\u00e9n 19:00 \u00f3r\u00e1t\u00f3l<\/b> <b>(beenged\u00e9s 17:30 \u00f3r\u00e1t\u00f3l)<\/b> v\u00e1ltozatos programmal a <b>BRAUGUT HARTMANNSDORF<\/b>ban ker\u00fcl megrendez\u00e9sre. \u00c9telekkel, italokkal, muzsik\u00e1val \u00e9s t\u00e1nccal valamint \u00e9rdekes besz\u00e9lget\u00e9sekkel szeretn\u00e9nk \u00d6n\u00f6kkel egy kellemes est\u00e9t elt\u00f6lteni. K\u00e9rj\u00fck, t\u00e1j\u00e9koztassa magyar bar\u00e1tait \u00e9s ismer\u0151seit tal\u00e1lkoz\u00f3nkr\u00f3l. \u00c9s term\u00e9szetesen \u00d6nt is szeretettel v\u00e1rjuk!<\/p>\n<p><b>Bel\u00e9p<\/b><b>\u0151jegyek \u00e1rlista:\u00a0\u00a0\u00a0\u00a0\u00a0\u00a0\u00a0\u00a0\u00a0\u00a0\u00a0\u00a0\u00a0\u00a0\u00a0\u00a0\u00a0\u00a0\u00a0 El\u0151renedel\u00e9s foglal\u00e1ssal\u00a0\u00a0\u00a0\u00a0\u00a0\u00a0\u00a0\u00a0\u00a0\u00a0\u00a0\u00a0\u00a0\u00a0\u00a0\u00a0\u00a0\u00a0\u00a0\u00a0\u00a0\u00a0\u00a0\u00a0\u00a0\u00a0\u00a0 Esti kassza<\/b><\/p>\n<p><b>Tagoknak\u00a0\u00a0\u00a0\u00a0\u00a0\u00a0\u00a0\u00a0\u00a0\u00a0\u00a0\u00a0\u00a0\u00a0\u00a0\u00a0\u00a0\u00a0\u00a0\u00a0\u00a0\u00a0\u00a0\u00a0\u00a0 \u00a0\u00a0\u00a0\u00a0\u00a0\u00a0\u00a0\u00a0\u00a0\u00a0\u00a0\u00a0\u00a0 20,00 \u20ac\u00a0 \u00a0 \u00a0 \u00a0 \u00a0 \u00a0 \u00a0 \u00a0 \u00a0 \u00a0 \u00a0 \u00a0 \u00a0 \u00a0 \u00a0 \u00a0 \u00a0 \u00a0 \u00a0 \u00a0 \u00a0 \u00a0 \u00a0 \u00a0 \u00a0 \u00a0 \u00a0 \u00a0 \u00a0 24,00 \u20ac<\/b><\/p>\n<p><b>Vend\u00e9geknek\u00a0\u00a0\u00a0\u00a0\u00a0\u00a0\u00a0\u00a0\u00a0\u00a0\u00a0\u00a0\u00a0\u00a0\u00a0\u00a0\u00a0\u00a0\u00a0\u00a0\u00a0\u00a0\u00a0 \u00a0\u00a0\u00a0\u00a0\u00a0\u00a0\u00a0 22,00 \u20ac\u00a0 \u00a0 \u00a0 \u00a0 \u00a0 \u00a0 \u00a0 \u00a0 \u00a0 \u00a0 \u00a0 \u00a0 \u00a0 \u00a0 \u00a0 \u00a0 \u00a0 \u00a0 \u00a0 \u00a0 \u00a0 \u00a0 \u00a0 \u00a0 \u00a0 \u00a0 \u00a0 \u00a0 \u00a0 \u00a024,00 \u20ac<\/b><\/p>\n<p><b>Gyerekeknek 6 \u00e9ves korig ingyenes, 6 \u00e9ves kort\u00f3l 12 \u00e9ves korig 7 \u20ac.<\/b><\/p>\n<p><b>A bel\u00e9p\u0151jegy a sv\u00e9dasztalos b\u00fcf\u00e9 \u00e1r\u00e1t\u00a0 (14 \u20ac) is tartalmazza. ( Italok n\u00e9lk\u00fcl)<\/b><\/p>\n<p><strong>El\u0151v\u00e9tel \u00e9s helyfoglal\u00e1s:<\/strong><\/p>\n<p>R\u00e9szv\u00e9tele el\u0151zetes <b>regisztr\u00e1ci\u00f3hoz<\/b> k\u00e9rj\u00fck, a foglalt helyek sz\u00e1m\u00e1nak megfelel\u0151 <b>bel\u00e9p\u0151d\u00edj \u00f6sszeg\u00e9t<\/b> a Magyar Kultur\u00e1lis Egyes\u00fclet sz\u00e1ml\u00e1j\u00e1ra (IBAN: DE23 8705 0000 3579 0050 30, BIC: CHEK DE81 XXX, Sparkasse Chemnitz)<b> 2018.10.31-ig utalja \u00e1t<\/b> \u00e9s e-mailben az <span style=\"text-decoration: underline;\">&#105;&#x6e;f&#111;&#x40;&#117;&#x6e;g&#97;&#x72;n&#x2d;&#x69;&#110;&#x2d;s&#97;&#x63;h&#x73;&#x65;&#110;&#x2e;d&#101;<\/span> c\u00edm alatt vagy a 0371 2600335 telefonsz\u00e1mon (Sz\u0171cs Mih\u00e1ly) <span style=\"text-decoration: underline;\">valamennyi r\u00e9sztvev\u0151 nev\u00e9nek \u00e9s a 14 \u00e9valatti gyermekek megad\u00e1s\u00e1val jelezze helyfoglal\u00e1s\u00e1t<\/span>. <b>A foglalt helyek fenntart\u00e1sa<\/b> a rendezv\u00e9ny est\u00e9j\u00e9n <b>legfeljebb 18:30 \u00f3r\u00e1ig<\/b> lehets\u00e9ges, az addig birtokba nem vett helyeket azut\u00e1n a nem regisztr\u00e1lt vend\u00e9gek sz\u00e1m\u00e1ra k\u00edn\u00e1ljuk fel. <b>T\u00e1j\u00e9koztatjuk kedves vend\u00e9geinket, hogy az el\u0151re befizetett bel\u00e9p\u0151d\u00edjat t\u00e1volmarad\u00e1sa eset\u00e9n nem \u00e1ll m\u00f3dunkban visszafizetni.<\/b><\/p>\n<p><b>Az esti kassz\u00e1n\u00e1l csak hat\u00e1rozott mennyis\u00e9g\u0171 jegy v\u00e1s\u00e1rolhat\u00f3! Ez\u00e9rt k\u00e9rj\u00fck lehet\u0151s\u00e9g szerint a\u00a0 jegyet\u00a0 el\u0151re rendelni!<\/b><\/p>\n<p><strong>Helysz\u00edn:<\/strong><\/p>\n<p>BRAUGUT HARTMANNSDORF<\/p>\n<p>Chemnitzer Str. 2, 09232 Hartmannsdorf<\/p>\n<p>TELEFON: 03722 631310<\/p>\n<p><a href=\"http:\/\/www.braugut.de\/\">www.braugut.de<\/a><\/p>\n<p>K\u00e9rj\u00fck a k\u00f6rny\u00e9ken tal\u00e1lhat\u00f3 parkol\u00f3helyeket haszn\u00e1lja!<\/p>\n","protected":false},"excerpt":{"rendered":"<p>Megh\u00edv\u00f3 a magyar tal\u00e1lkoz\u00f3ra 2018 Kedves magyarok \u00e9s magyarbar\u00e1tok! A Magyar Kultur\u00e1lis Egyes\u00fclet Chemnitz \u00e9s k\u00f6rny\u00e9ke szeretettel megh\u00edv minden \u00e9rdekl\u0151d\u0151t\u00a0 az \u00e9venk\u00e9nt megszervez\u00e9sre ker\u00fcl\u0151 magyar tal\u00e1lkoz\u00f3ra, mely\u00a0 2018 november 10-\u00e9n [&hellip;]<\/p>\n","protected":false},"author":7,"featured_media":0,"comment_status":"closed","ping_status":"closed","sticky":false,"template":"","format":"standard","meta":{"_et_pb_use_builder":"on","_et_pb_old_content":"","_et_gb_content_width":"","footnotes":""},"categories":[76],"tags":[],"class_list":["post-2876","post","type-post","status-publish","format-standard","hentry","category-allgemein-hu-2"],"yoast_head":"<!-- This site is optimized with the Yoast SEO plugin v27.5 - https:\/\/yoast.com\/product\/yoast-seo-wordpress\/ -->\n<title>Magyar tal\u00e1lkoz\u00f3 2018 - Ungarischer Kulturverein Chemnitz und Umgebung e. V.<\/title>\n<meta name=\"robots\" content=\"index, follow, max-snippet:-1, max-image-preview:large, max-video-preview:-1\" \/>\n<link rel=\"canonical\" href=\"https:\/\/www.ungarn-in-sachsen.de\/hu\/magyar-talalkozo-2018\/\" \/>\n<meta property=\"og:locale\" content=\"hu_HU\" \/>\n<meta property=\"og:type\" content=\"article\" \/>\n<meta property=\"og:title\" content=\"Magyar tal\u00e1lkoz\u00f3 2018 - Ungarischer Kulturverein Chemnitz und Umgebung e. V.\" \/>\n<meta property=\"og:description\" content=\"Megh\u00edv\u00f3 a magyar tal\u00e1lkoz\u00f3ra 2018 Kedves magyarok \u00e9s magyarbar\u00e1tok! A Magyar Kultur\u00e1lis Egyes\u00fclet Chemnitz \u00e9s k\u00f6rny\u00e9ke szeretettel megh\u00edv minden \u00e9rdekl\u0151d\u0151t\u00a0 az \u00e9venk\u00e9nt megszervez\u00e9sre ker\u00fcl\u0151 magyar tal\u00e1lkoz\u00f3ra, mely\u00a0 2018 november 10-\u00e9n [&hellip;]\" \/>\n<meta property=\"og:url\" content=\"https:\/\/www.ungarn-in-sachsen.de\/hu\/magyar-talalkozo-2018\/\" \/>\n<meta property=\"og:site_name\" content=\"Ungarischer Kulturverein Chemnitz und Umgebung e. V.\" \/>\n<meta property=\"article:publisher\" content=\"https:\/\/www.facebook.com\/Ungarischer-Kulturverein-Chemnitz-und-Umgebung-eV-229421257171599\/\" \/>\n<meta property=\"article:published_time\" content=\"2018-09-28T17:13:42+00:00\" \/>\n<meta property=\"article:modified_time\" content=\"2019-07-23T17:36:49+00:00\" \/>\n<meta name=\"author\" content=\"Katalin\" \/>\n<meta name=\"twitter:card\" content=\"summary_large_image\" \/>\n<meta name=\"twitter:label1\" content=\"Szerz\u0151:\" \/>\n\t<meta name=\"twitter:data1\" content=\"Katalin\" \/>\n\t<meta name=\"twitter:label2\" content=\"Becs\u00fclt olvas\u00e1si id\u0151\" \/>\n\t<meta name=\"twitter:data2\" content=\"2 perc\" \/>\n<script type=\"application\/ld+json\" class=\"yoast-schema-graph\">{\"@context\":\"https:\\\/\\\/schema.org\",\"@graph\":[{\"@type\":\"Article\",\"@id\":\"https:\\\/\\\/www.ungarn-in-sachsen.de\\\/hu\\\/magyar-talalkozo-2018\\\/#article\",\"isPartOf\":{\"@id\":\"https:\\\/\\\/www.ungarn-in-sachsen.de\\\/hu\\\/magyar-talalkozo-2018\\\/\"},\"author\":{\"name\":\"Katalin\",\"@id\":\"https:\\\/\\\/www.ungarn-in-sachsen.de\\\/hu\\\/#\\\/schema\\\/person\\\/0134c9680c14e08af40f4fd16196ae98\"},\"headline\":\"Magyar tal\u00e1lkoz\u00f3 2018\",\"datePublished\":\"2018-09-28T17:13:42+00:00\",\"dateModified\":\"2019-07-23T17:36:49+00:00\",\"mainEntityOfPage\":{\"@id\":\"https:\\\/\\\/www.ungarn-in-sachsen.de\\\/hu\\\/magyar-talalkozo-2018\\\/\"},\"wordCount\":350,\"publisher\":{\"@id\":\"https:\\\/\\\/www.ungarn-in-sachsen.de\\\/hu\\\/#organization\"},\"articleSection\":[\"Allgemein\"],\"inLanguage\":\"hu\"},{\"@type\":\"WebPage\",\"@id\":\"https:\\\/\\\/www.ungarn-in-sachsen.de\\\/hu\\\/magyar-talalkozo-2018\\\/\",\"url\":\"https:\\\/\\\/www.ungarn-in-sachsen.de\\\/hu\\\/magyar-talalkozo-2018\\\/\",\"name\":\"Magyar tal\u00e1lkoz\u00f3 2018 - Ungarischer Kulturverein Chemnitz und Umgebung e. V.\",\"isPartOf\":{\"@id\":\"https:\\\/\\\/www.ungarn-in-sachsen.de\\\/hu\\\/#website\"},\"datePublished\":\"2018-09-28T17:13:42+00:00\",\"dateModified\":\"2019-07-23T17:36:49+00:00\",\"breadcrumb\":{\"@id\":\"https:\\\/\\\/www.ungarn-in-sachsen.de\\\/hu\\\/magyar-talalkozo-2018\\\/#breadcrumb\"},\"inLanguage\":\"hu\",\"potentialAction\":[{\"@type\":\"ReadAction\",\"target\":[\"https:\\\/\\\/www.ungarn-in-sachsen.de\\\/hu\\\/magyar-talalkozo-2018\\\/\"]}]},{\"@type\":\"BreadcrumbList\",\"@id\":\"https:\\\/\\\/www.ungarn-in-sachsen.de\\\/hu\\\/magyar-talalkozo-2018\\\/#breadcrumb\",\"itemListElement\":[{\"@type\":\"ListItem\",\"position\":1,\"name\":\"Startseite\",\"item\":\"https:\\\/\\\/www.ungarn-in-sachsen.de\\\/hu\\\/\"},{\"@type\":\"ListItem\",\"position\":2,\"name\":\"Magyar tal\u00e1lkoz\u00f3 2018\"}]},{\"@type\":\"WebSite\",\"@id\":\"https:\\\/\\\/www.ungarn-in-sachsen.de\\\/hu\\\/#website\",\"url\":\"https:\\\/\\\/www.ungarn-in-sachsen.de\\\/hu\\\/\",\"name\":\"Ungarischer Kulturverein Chemnitz und Umgebung e. V.\",\"description\":\"Treffpunkt f\u00fcr Freunde der ungarischen Kultur\",\"publisher\":{\"@id\":\"https:\\\/\\\/www.ungarn-in-sachsen.de\\\/hu\\\/#organization\"},\"potentialAction\":[{\"@type\":\"SearchAction\",\"target\":{\"@type\":\"EntryPoint\",\"urlTemplate\":\"https:\\\/\\\/www.ungarn-in-sachsen.de\\\/hu\\\/?s={search_term_string}\"},\"query-input\":{\"@type\":\"PropertyValueSpecification\",\"valueRequired\":true,\"valueName\":\"search_term_string\"}}],\"inLanguage\":\"hu\"},{\"@type\":\"Organization\",\"@id\":\"https:\\\/\\\/www.ungarn-in-sachsen.de\\\/hu\\\/#organization\",\"name\":\"Ungarischer Kulturverein Chemnitz und Umgebung e.V.\",\"url\":\"https:\\\/\\\/www.ungarn-in-sachsen.de\\\/hu\\\/\",\"logo\":{\"@type\":\"ImageObject\",\"inLanguage\":\"hu\",\"@id\":\"https:\\\/\\\/www.ungarn-in-sachsen.de\\\/hu\\\/#\\\/schema\\\/logo\\\/image\\\/\",\"url\":\"https:\\\/\\\/www.ungarn-in-sachsen.de\\\/wp-content\\\/uploads\\\/2019\\\/04\\\/logo.jpg\",\"contentUrl\":\"https:\\\/\\\/www.ungarn-in-sachsen.de\\\/wp-content\\\/uploads\\\/2019\\\/04\\\/logo.jpg\",\"width\":266,\"height\":170,\"caption\":\"Ungarischer Kulturverein Chemnitz und Umgebung e.V.\"},\"image\":{\"@id\":\"https:\\\/\\\/www.ungarn-in-sachsen.de\\\/hu\\\/#\\\/schema\\\/logo\\\/image\\\/\"},\"sameAs\":[\"https:\\\/\\\/www.facebook.com\\\/Ungarischer-Kulturverein-Chemnitz-und-Umgebung-eV-229421257171599\\\/\"]},{\"@type\":\"Person\",\"@id\":\"https:\\\/\\\/www.ungarn-in-sachsen.de\\\/hu\\\/#\\\/schema\\\/person\\\/0134c9680c14e08af40f4fd16196ae98\",\"name\":\"Katalin\",\"url\":\"https:\\\/\\\/www.ungarn-in-sachsen.de\\\/hu\\\/author\\\/admin\\\/\"}]}<\/script>\n<!-- \/ Yoast SEO plugin. -->","yoast_head_json":{"title":"Magyar tal\u00e1lkoz\u00f3 2018 - Ungarischer Kulturverein Chemnitz und Umgebung e. V.","robots":{"index":"index","follow":"follow","max-snippet":"max-snippet:-1","max-image-preview":"max-image-preview:large","max-video-preview":"max-video-preview:-1"},"canonical":"https:\/\/www.ungarn-in-sachsen.de\/hu\/magyar-talalkozo-2018\/","og_locale":"hu_HU","og_type":"article","og_title":"Magyar tal\u00e1lkoz\u00f3 2018 - Ungarischer Kulturverein Chemnitz und Umgebung e. V.","og_description":"Megh\u00edv\u00f3 a magyar tal\u00e1lkoz\u00f3ra 2018 Kedves magyarok \u00e9s magyarbar\u00e1tok! A Magyar Kultur\u00e1lis Egyes\u00fclet Chemnitz \u00e9s k\u00f6rny\u00e9ke szeretettel megh\u00edv minden \u00e9rdekl\u0151d\u0151t\u00a0 az \u00e9venk\u00e9nt megszervez\u00e9sre ker\u00fcl\u0151 magyar tal\u00e1lkoz\u00f3ra, mely\u00a0 2018 november 10-\u00e9n [&hellip;]","og_url":"https:\/\/www.ungarn-in-sachsen.de\/hu\/magyar-talalkozo-2018\/","og_site_name":"Ungarischer Kulturverein Chemnitz und Umgebung e. V.","article_publisher":"https:\/\/www.facebook.com\/Ungarischer-Kulturverein-Chemnitz-und-Umgebung-eV-229421257171599\/","article_published_time":"2018-09-28T17:13:42+00:00","article_modified_time":"2019-07-23T17:36:49+00:00","author":"Katalin","twitter_card":"summary_large_image","twitter_misc":{"Szerz\u0151:":"Katalin","Becs\u00fclt olvas\u00e1si id\u0151":"2 perc"},"schema":{"@context":"https:\/\/schema.org","@graph":[{"@type":"Article","@id":"https:\/\/www.ungarn-in-sachsen.de\/hu\/magyar-talalkozo-2018\/#article","isPartOf":{"@id":"https:\/\/www.ungarn-in-sachsen.de\/hu\/magyar-talalkozo-2018\/"},"author":{"name":"Katalin","@id":"https:\/\/www.ungarn-in-sachsen.de\/hu\/#\/schema\/person\/0134c9680c14e08af40f4fd16196ae98"},"headline":"Magyar tal\u00e1lkoz\u00f3 2018","datePublished":"2018-09-28T17:13:42+00:00","dateModified":"2019-07-23T17:36:49+00:00","mainEntityOfPage":{"@id":"https:\/\/www.ungarn-in-sachsen.de\/hu\/magyar-talalkozo-2018\/"},"wordCount":350,"publisher":{"@id":"https:\/\/www.ungarn-in-sachsen.de\/hu\/#organization"},"articleSection":["Allgemein"],"inLanguage":"hu"},{"@type":"WebPage","@id":"https:\/\/www.ungarn-in-sachsen.de\/hu\/magyar-talalkozo-2018\/","url":"https:\/\/www.ungarn-in-sachsen.de\/hu\/magyar-talalkozo-2018\/","name":"Magyar tal\u00e1lkoz\u00f3 2018 - Ungarischer Kulturverein Chemnitz und Umgebung e. V.","isPartOf":{"@id":"https:\/\/www.ungarn-in-sachsen.de\/hu\/#website"},"datePublished":"2018-09-28T17:13:42+00:00","dateModified":"2019-07-23T17:36:49+00:00","breadcrumb":{"@id":"https:\/\/www.ungarn-in-sachsen.de\/hu\/magyar-talalkozo-2018\/#breadcrumb"},"inLanguage":"hu","potentialAction":[{"@type":"ReadAction","target":["https:\/\/www.ungarn-in-sachsen.de\/hu\/magyar-talalkozo-2018\/"]}]},{"@type":"BreadcrumbList","@id":"https:\/\/www.ungarn-in-sachsen.de\/hu\/magyar-talalkozo-2018\/#breadcrumb","itemListElement":[{"@type":"ListItem","position":1,"name":"Startseite","item":"https:\/\/www.ungarn-in-sachsen.de\/hu\/"},{"@type":"ListItem","position":2,"name":"Magyar tal\u00e1lkoz\u00f3 2018"}]},{"@type":"WebSite","@id":"https:\/\/www.ungarn-in-sachsen.de\/hu\/#website","url":"https:\/\/www.ungarn-in-sachsen.de\/hu\/","name":"Ungarischer Kulturverein Chemnitz und Umgebung e. V.","description":"Treffpunkt f\u00fcr Freunde der ungarischen Kultur","publisher":{"@id":"https:\/\/www.ungarn-in-sachsen.de\/hu\/#organization"},"potentialAction":[{"@type":"SearchAction","target":{"@type":"EntryPoint","urlTemplate":"https:\/\/www.ungarn-in-sachsen.de\/hu\/?s={search_term_string}"},"query-input":{"@type":"PropertyValueSpecification","valueRequired":true,"valueName":"search_term_string"}}],"inLanguage":"hu"},{"@type":"Organization","@id":"https:\/\/www.ungarn-in-sachsen.de\/hu\/#organization","name":"Ungarischer Kulturverein Chemnitz und Umgebung e.V.","url":"https:\/\/www.ungarn-in-sachsen.de\/hu\/","logo":{"@type":"ImageObject","inLanguage":"hu","@id":"https:\/\/www.ungarn-in-sachsen.de\/hu\/#\/schema\/logo\/image\/","url":"https:\/\/www.ungarn-in-sachsen.de\/wp-content\/uploads\/2019\/04\/logo.jpg","contentUrl":"https:\/\/www.ungarn-in-sachsen.de\/wp-content\/uploads\/2019\/04\/logo.jpg","width":266,"height":170,"caption":"Ungarischer Kulturverein Chemnitz und Umgebung e.V."},"image":{"@id":"https:\/\/www.ungarn-in-sachsen.de\/hu\/#\/schema\/logo\/image\/"},"sameAs":["https:\/\/www.facebook.com\/Ungarischer-Kulturverein-Chemnitz-und-Umgebung-eV-229421257171599\/"]},{"@type":"Person","@id":"https:\/\/www.ungarn-in-sachsen.de\/hu\/#\/schema\/person\/0134c9680c14e08af40f4fd16196ae98","name":"Katalin","url":"https:\/\/www.ungarn-in-sachsen.de\/hu\/author\/admin\/"}]}},"_links":{"self":[{"href":"https:\/\/www.ungarn-in-sachsen.de\/hu\/wp-json\/wp\/v2\/posts\/2876","targetHints":{"allow":["GET"]}}],"collection":[{"href":"https:\/\/www.ungarn-in-sachsen.de\/hu\/wp-json\/wp\/v2\/posts"}],"about":[{"href":"https:\/\/www.ungarn-in-sachsen.de\/hu\/wp-json\/wp\/v2\/types\/post"}],"author":[{"embeddable":true,"href":"https:\/\/www.ungarn-in-sachsen.de\/hu\/wp-json\/wp\/v2\/users\/7"}],"replies":[{"embeddable":true,"href":"https:\/\/www.ungarn-in-sachsen.de\/hu\/wp-json\/wp\/v2\/comments?post=2876"}],"version-history":[{"count":0,"href":"https:\/\/www.ungarn-in-sachsen.de\/hu\/wp-json\/wp\/v2\/posts\/2876\/revisions"}],"wp:attachment":[{"href":"https:\/\/www.ungarn-in-sachsen.de\/hu\/wp-json\/wp\/v2\/media?parent=2876"}],"wp:term":[{"taxonomy":"category","embeddable":true,"href":"https:\/\/www.ungarn-in-sachsen.de\/hu\/wp-json\/wp\/v2\/categories?post=2876"},{"taxonomy":"post_tag","embeddable":true,"href":"https:\/\/www.ungarn-in-sachsen.de\/hu\/wp-json\/wp\/v2\/tags?post=2876"}],"curies":[{"name":"wp","href":"https:\/\/api.w.org\/{rel}","templated":true}]}}