{"id":3075,"date":"2016-06-30T19:03:54","date_gmt":"2016-06-30T17:03:54","guid":{"rendered":"http:\/\/www.ungarn-in-sachsen.de\/nyugdij-informacios-rendezveny\/"},"modified":"2025-08-23T18:02:21","modified_gmt":"2025-08-23T16:02:21","slug":"nyugdij-informacios-rendezveny","status":"publish","type":"post","link":"https:\/\/www.ungarn-in-sachsen.de\/hu\/nyugdij-informacios-rendezveny\/","title":{"rendered":"Nyugd\u00edj-inform\u00e1ci\u00f3s rendezv\u00e9ny"},"content":{"rendered":"<p>[et_pb_section fb_built=&#8221;1&#8243; _builder_version=&#8221;4.16&#8243; global_colors_info=&#8221;{}&#8221;][et_pb_row _builder_version=&#8221;4.16&#8243; background_size=&#8221;initial&#8221; background_position=&#8221;top_left&#8221; background_repeat=&#8221;repeat&#8221; global_colors_info=&#8221;{}&#8221;][et_pb_column type=&#8221;4_4&#8243; _builder_version=&#8221;4.16&#8243; custom_padding=&#8221;|||&#8221; global_colors_info=&#8221;{}&#8221; custom_padding__hover=&#8221;|||&#8221;][et_pb_text _builder_version=&#8221;4.19.4&#8243; background_size=&#8221;initial&#8221; background_position=&#8221;top_left&#8221; background_repeat=&#8221;repeat&#8221; hover_enabled=&#8221;0&#8243; global_colors_info=&#8221;{}&#8221; sticky_enabled=&#8221;0&#8243;]<\/p>\n<p>Ez\u00faton szeretettel megh\u00edvunk mindenkit, akit \u00e9rdekel a t\u00e9ma, egy<\/p>\n<p><\/p>\n<p style=\"text-align: center;\"><strong>Inform\u00e1ci\u00f3s rendezv\u00e9ny a magyarorsz\u00e1gi nyugd\u00edj ig\u00e9nyl\u00e9s\u00e9r\u0151l \u00e9s tiszt\u00e1z\u00e1s\u00e1r\u00f3l <\/strong><\/p>\n<p><\/p>\n<p>Ez egy rendezv\u00e9ny, amely a Chemnitz\/Erfurt-i N\u00e9met Nyugd\u00edjbiztos\u00edt\u00e1si Int\u00e9zettel egy\u00fcttm\u0171k\u00f6d\u00e9sben ker\u00fcl megrendez\u00e9sre. Id\u0151pont: 2016. j\u00falius 29., 17:00 Helysz\u00edn: Silbersaal Chemnitz, Bernsdorf \/ Eislebener Str. 8, 09126 Chemnitz K\u00e9rd\u00e9sek eset\u00e9n Mih\u00e1ly Sz\u00fccs el\u00e9rhet\u0151 a 0371 \/ 260 03 35 telefonsz\u00e1mon. <img loading=\"lazy\" decoding=\"async\" class=\"aligncenter size-full wp-image-1740\" src=\"https:\/\/www.ungarn-in-sachsen.de\/wp-content\/uploads\/2016\/06\/Rente.jpg\" alt=\"Rente\" width=\"424\" height=\"283\" \/><\/p>\n<p>[\/et_pb_text][\/et_pb_column][\/et_pb_row][\/et_pb_section]<\/p>\n","protected":false},"excerpt":{"rendered":"<p>Ez\u00faton szeretettel megh\u00edvunk mindenkit, akit \u00e9rdekel a t\u00e9ma, egyInform\u00e1ci\u00f3s rendezv\u00e9ny a magyarorsz\u00e1gi nyugd\u00edj ig\u00e9nyl\u00e9s\u00e9r\u0151l \u00e9s tiszt\u00e1z\u00e1s\u00e1r\u00f3l Ez egy rendezv\u00e9ny, amely a Chemnitz\/Erfurt-i N\u00e9met Nyugd\u00edjbiztos\u00edt\u00e1si Int\u00e9zettel egy\u00fcttm\u0171k\u00f6d\u00e9sben ker\u00fcl megrendez\u00e9sre. Id\u0151pont: 2016. [&hellip;]<\/p>\n","protected":false},"author":7,"featured_media":0,"comment_status":"closed","ping_status":"closed","sticky":false,"template":"","format":"standard","meta":{"_et_pb_use_builder":"on","_et_pb_old_content":"","_et_gb_content_width":"","footnotes":""},"categories":[76],"tags":[],"class_list":["post-3075","post","type-post","status-publish","format-standard","hentry","category-allgemein-hu-2"],"yoast_head":"<!-- This site is optimized with the Yoast SEO plugin v27.5 - https:\/\/yoast.com\/product\/yoast-seo-wordpress\/ -->\n<title>Nyugd\u00edj-inform\u00e1ci\u00f3s rendezv\u00e9ny - Ungarischer Kulturverein Chemnitz und Umgebung e. V.<\/title>\n<meta name=\"robots\" content=\"index, follow, max-snippet:-1, max-image-preview:large, max-video-preview:-1\" \/>\n<link rel=\"canonical\" href=\"https:\/\/www.ungarn-in-sachsen.de\/hu\/nyugdij-informacios-rendezveny\/\" \/>\n<meta property=\"og:locale\" content=\"hu_HU\" \/>\n<meta property=\"og:type\" content=\"article\" \/>\n<meta property=\"og:title\" content=\"Nyugd\u00edj-inform\u00e1ci\u00f3s rendezv\u00e9ny - Ungarischer Kulturverein Chemnitz und Umgebung e. V.\" \/>\n<meta property=\"og:description\" content=\"Ez\u00faton szeretettel megh\u00edvunk mindenkit, akit \u00e9rdekel a t\u00e9ma, egyInform\u00e1ci\u00f3s rendezv\u00e9ny a magyarorsz\u00e1gi nyugd\u00edj ig\u00e9nyl\u00e9s\u00e9r\u0151l \u00e9s tiszt\u00e1z\u00e1s\u00e1r\u00f3l Ez egy rendezv\u00e9ny, amely a Chemnitz\/Erfurt-i N\u00e9met Nyugd\u00edjbiztos\u00edt\u00e1si Int\u00e9zettel egy\u00fcttm\u0171k\u00f6d\u00e9sben ker\u00fcl megrendez\u00e9sre. Id\u0151pont: 2016. [&hellip;]\" \/>\n<meta property=\"og:url\" content=\"https:\/\/www.ungarn-in-sachsen.de\/hu\/nyugdij-informacios-rendezveny\/\" \/>\n<meta property=\"og:site_name\" content=\"Ungarischer Kulturverein Chemnitz und Umgebung e. V.\" \/>\n<meta property=\"article:publisher\" content=\"https:\/\/www.facebook.com\/Ungarischer-Kulturverein-Chemnitz-und-Umgebung-eV-229421257171599\/\" \/>\n<meta property=\"article:published_time\" content=\"2016-06-30T17:03:54+00:00\" \/>\n<meta property=\"article:modified_time\" content=\"2025-08-23T16:02:21+00:00\" \/>\n<meta name=\"author\" content=\"Katalin\" \/>\n<meta name=\"twitter:card\" content=\"summary_large_image\" \/>\n<meta name=\"twitter:label1\" content=\"Szerz\u0151:\" \/>\n\t<meta name=\"twitter:data1\" content=\"Katalin\" \/>\n\t<meta name=\"twitter:label2\" content=\"Becs\u00fclt olvas\u00e1si id\u0151\" \/>\n\t<meta name=\"twitter:data2\" content=\"1 perc\" \/>\n<script type=\"application\/ld+json\" class=\"yoast-schema-graph\">{\"@context\":\"https:\\\/\\\/schema.org\",\"@graph\":[{\"@type\":\"Article\",\"@id\":\"https:\\\/\\\/www.ungarn-in-sachsen.de\\\/hu\\\/nyugdij-informacios-rendezveny\\\/#article\",\"isPartOf\":{\"@id\":\"https:\\\/\\\/www.ungarn-in-sachsen.de\\\/hu\\\/nyugdij-informacios-rendezveny\\\/\"},\"author\":{\"name\":\"Katalin\",\"@id\":\"https:\\\/\\\/www.ungarn-in-sachsen.de\\\/hu\\\/#\\\/schema\\\/person\\\/0134c9680c14e08af40f4fd16196ae98\"},\"headline\":\"Nyugd\u00edj-inform\u00e1ci\u00f3s rendezv\u00e9ny\",\"datePublished\":\"2016-06-30T17:03:54+00:00\",\"dateModified\":\"2025-08-23T16:02:21+00:00\",\"mainEntityOfPage\":{\"@id\":\"https:\\\/\\\/www.ungarn-in-sachsen.de\\\/hu\\\/nyugdij-informacios-rendezveny\\\/\"},\"wordCount\":166,\"publisher\":{\"@id\":\"https:\\\/\\\/www.ungarn-in-sachsen.de\\\/hu\\\/#organization\"},\"image\":{\"@id\":\"https:\\\/\\\/www.ungarn-in-sachsen.de\\\/hu\\\/nyugdij-informacios-rendezveny\\\/#primaryimage\"},\"thumbnailUrl\":\"https:\\\/\\\/www.ungarn-in-sachsen.de\\\/wp-content\\\/uploads\\\/2016\\\/06\\\/Rente.jpg\",\"articleSection\":[\"Allgemein\"],\"inLanguage\":\"hu\"},{\"@type\":\"WebPage\",\"@id\":\"https:\\\/\\\/www.ungarn-in-sachsen.de\\\/hu\\\/nyugdij-informacios-rendezveny\\\/\",\"url\":\"https:\\\/\\\/www.ungarn-in-sachsen.de\\\/hu\\\/nyugdij-informacios-rendezveny\\\/\",\"name\":\"Nyugd\u00edj-inform\u00e1ci\u00f3s rendezv\u00e9ny - Ungarischer Kulturverein Chemnitz und Umgebung e. V.\",\"isPartOf\":{\"@id\":\"https:\\\/\\\/www.ungarn-in-sachsen.de\\\/hu\\\/#website\"},\"primaryImageOfPage\":{\"@id\":\"https:\\\/\\\/www.ungarn-in-sachsen.de\\\/hu\\\/nyugdij-informacios-rendezveny\\\/#primaryimage\"},\"image\":{\"@id\":\"https:\\\/\\\/www.ungarn-in-sachsen.de\\\/hu\\\/nyugdij-informacios-rendezveny\\\/#primaryimage\"},\"thumbnailUrl\":\"https:\\\/\\\/www.ungarn-in-sachsen.de\\\/wp-content\\\/uploads\\\/2016\\\/06\\\/Rente.jpg\",\"datePublished\":\"2016-06-30T17:03:54+00:00\",\"dateModified\":\"2025-08-23T16:02:21+00:00\",\"breadcrumb\":{\"@id\":\"https:\\\/\\\/www.ungarn-in-sachsen.de\\\/hu\\\/nyugdij-informacios-rendezveny\\\/#breadcrumb\"},\"inLanguage\":\"hu\",\"potentialAction\":[{\"@type\":\"ReadAction\",\"target\":[\"https:\\\/\\\/www.ungarn-in-sachsen.de\\\/hu\\\/nyugdij-informacios-rendezveny\\\/\"]}]},{\"@type\":\"ImageObject\",\"inLanguage\":\"hu\",\"@id\":\"https:\\\/\\\/www.ungarn-in-sachsen.de\\\/hu\\\/nyugdij-informacios-rendezveny\\\/#primaryimage\",\"url\":\"https:\\\/\\\/www.ungarn-in-sachsen.de\\\/wp-content\\\/uploads\\\/2016\\\/06\\\/Rente.jpg\",\"contentUrl\":\"https:\\\/\\\/www.ungarn-in-sachsen.de\\\/wp-content\\\/uploads\\\/2016\\\/06\\\/Rente.jpg\"},{\"@type\":\"BreadcrumbList\",\"@id\":\"https:\\\/\\\/www.ungarn-in-sachsen.de\\\/hu\\\/nyugdij-informacios-rendezveny\\\/#breadcrumb\",\"itemListElement\":[{\"@type\":\"ListItem\",\"position\":1,\"name\":\"Startseite\",\"item\":\"https:\\\/\\\/www.ungarn-in-sachsen.de\\\/hu\\\/\"},{\"@type\":\"ListItem\",\"position\":2,\"name\":\"Nyugd\u00edj-inform\u00e1ci\u00f3s rendezv\u00e9ny\"}]},{\"@type\":\"WebSite\",\"@id\":\"https:\\\/\\\/www.ungarn-in-sachsen.de\\\/hu\\\/#website\",\"url\":\"https:\\\/\\\/www.ungarn-in-sachsen.de\\\/hu\\\/\",\"name\":\"Ungarischer Kulturverein Chemnitz und Umgebung e. V.\",\"description\":\"Treffpunkt f\u00fcr Freunde der ungarischen Kultur\",\"publisher\":{\"@id\":\"https:\\\/\\\/www.ungarn-in-sachsen.de\\\/hu\\\/#organization\"},\"potentialAction\":[{\"@type\":\"SearchAction\",\"target\":{\"@type\":\"EntryPoint\",\"urlTemplate\":\"https:\\\/\\\/www.ungarn-in-sachsen.de\\\/hu\\\/?s={search_term_string}\"},\"query-input\":{\"@type\":\"PropertyValueSpecification\",\"valueRequired\":true,\"valueName\":\"search_term_string\"}}],\"inLanguage\":\"hu\"},{\"@type\":\"Organization\",\"@id\":\"https:\\\/\\\/www.ungarn-in-sachsen.de\\\/hu\\\/#organization\",\"name\":\"Ungarischer Kulturverein Chemnitz und Umgebung e.V.\",\"url\":\"https:\\\/\\\/www.ungarn-in-sachsen.de\\\/hu\\\/\",\"logo\":{\"@type\":\"ImageObject\",\"inLanguage\":\"hu\",\"@id\":\"https:\\\/\\\/www.ungarn-in-sachsen.de\\\/hu\\\/#\\\/schema\\\/logo\\\/image\\\/\",\"url\":\"https:\\\/\\\/www.ungarn-in-sachsen.de\\\/wp-content\\\/uploads\\\/2019\\\/04\\\/logo.jpg\",\"contentUrl\":\"https:\\\/\\\/www.ungarn-in-sachsen.de\\\/wp-content\\\/uploads\\\/2019\\\/04\\\/logo.jpg\",\"width\":266,\"height\":170,\"caption\":\"Ungarischer Kulturverein Chemnitz und Umgebung e.V.\"},\"image\":{\"@id\":\"https:\\\/\\\/www.ungarn-in-sachsen.de\\\/hu\\\/#\\\/schema\\\/logo\\\/image\\\/\"},\"sameAs\":[\"https:\\\/\\\/www.facebook.com\\\/Ungarischer-Kulturverein-Chemnitz-und-Umgebung-eV-229421257171599\\\/\"]},{\"@type\":\"Person\",\"@id\":\"https:\\\/\\\/www.ungarn-in-sachsen.de\\\/hu\\\/#\\\/schema\\\/person\\\/0134c9680c14e08af40f4fd16196ae98\",\"name\":\"Katalin\",\"url\":\"https:\\\/\\\/www.ungarn-in-sachsen.de\\\/hu\\\/author\\\/admin\\\/\"}]}<\/script>\n<!-- \/ Yoast SEO plugin. -->","yoast_head_json":{"title":"Nyugd\u00edj-inform\u00e1ci\u00f3s rendezv\u00e9ny - Ungarischer Kulturverein Chemnitz und Umgebung e. V.","robots":{"index":"index","follow":"follow","max-snippet":"max-snippet:-1","max-image-preview":"max-image-preview:large","max-video-preview":"max-video-preview:-1"},"canonical":"https:\/\/www.ungarn-in-sachsen.de\/hu\/nyugdij-informacios-rendezveny\/","og_locale":"hu_HU","og_type":"article","og_title":"Nyugd\u00edj-inform\u00e1ci\u00f3s rendezv\u00e9ny - Ungarischer Kulturverein Chemnitz und Umgebung e. V.","og_description":"Ez\u00faton szeretettel megh\u00edvunk mindenkit, akit \u00e9rdekel a t\u00e9ma, egyInform\u00e1ci\u00f3s rendezv\u00e9ny a magyarorsz\u00e1gi nyugd\u00edj ig\u00e9nyl\u00e9s\u00e9r\u0151l \u00e9s tiszt\u00e1z\u00e1s\u00e1r\u00f3l Ez egy rendezv\u00e9ny, amely a Chemnitz\/Erfurt-i N\u00e9met Nyugd\u00edjbiztos\u00edt\u00e1si Int\u00e9zettel egy\u00fcttm\u0171k\u00f6d\u00e9sben ker\u00fcl megrendez\u00e9sre. Id\u0151pont: 2016. [&hellip;]","og_url":"https:\/\/www.ungarn-in-sachsen.de\/hu\/nyugdij-informacios-rendezveny\/","og_site_name":"Ungarischer Kulturverein Chemnitz und Umgebung e. V.","article_publisher":"https:\/\/www.facebook.com\/Ungarischer-Kulturverein-Chemnitz-und-Umgebung-eV-229421257171599\/","article_published_time":"2016-06-30T17:03:54+00:00","article_modified_time":"2025-08-23T16:02:21+00:00","author":"Katalin","twitter_card":"summary_large_image","twitter_misc":{"Szerz\u0151:":"Katalin","Becs\u00fclt olvas\u00e1si id\u0151":"1 perc"},"schema":{"@context":"https:\/\/schema.org","@graph":[{"@type":"Article","@id":"https:\/\/www.ungarn-in-sachsen.de\/hu\/nyugdij-informacios-rendezveny\/#article","isPartOf":{"@id":"https:\/\/www.ungarn-in-sachsen.de\/hu\/nyugdij-informacios-rendezveny\/"},"author":{"name":"Katalin","@id":"https:\/\/www.ungarn-in-sachsen.de\/hu\/#\/schema\/person\/0134c9680c14e08af40f4fd16196ae98"},"headline":"Nyugd\u00edj-inform\u00e1ci\u00f3s rendezv\u00e9ny","datePublished":"2016-06-30T17:03:54+00:00","dateModified":"2025-08-23T16:02:21+00:00","mainEntityOfPage":{"@id":"https:\/\/www.ungarn-in-sachsen.de\/hu\/nyugdij-informacios-rendezveny\/"},"wordCount":166,"publisher":{"@id":"https:\/\/www.ungarn-in-sachsen.de\/hu\/#organization"},"image":{"@id":"https:\/\/www.ungarn-in-sachsen.de\/hu\/nyugdij-informacios-rendezveny\/#primaryimage"},"thumbnailUrl":"https:\/\/www.ungarn-in-sachsen.de\/wp-content\/uploads\/2016\/06\/Rente.jpg","articleSection":["Allgemein"],"inLanguage":"hu"},{"@type":"WebPage","@id":"https:\/\/www.ungarn-in-sachsen.de\/hu\/nyugdij-informacios-rendezveny\/","url":"https:\/\/www.ungarn-in-sachsen.de\/hu\/nyugdij-informacios-rendezveny\/","name":"Nyugd\u00edj-inform\u00e1ci\u00f3s rendezv\u00e9ny - Ungarischer Kulturverein Chemnitz und Umgebung e. V.","isPartOf":{"@id":"https:\/\/www.ungarn-in-sachsen.de\/hu\/#website"},"primaryImageOfPage":{"@id":"https:\/\/www.ungarn-in-sachsen.de\/hu\/nyugdij-informacios-rendezveny\/#primaryimage"},"image":{"@id":"https:\/\/www.ungarn-in-sachsen.de\/hu\/nyugdij-informacios-rendezveny\/#primaryimage"},"thumbnailUrl":"https:\/\/www.ungarn-in-sachsen.de\/wp-content\/uploads\/2016\/06\/Rente.jpg","datePublished":"2016-06-30T17:03:54+00:00","dateModified":"2025-08-23T16:02:21+00:00","breadcrumb":{"@id":"https:\/\/www.ungarn-in-sachsen.de\/hu\/nyugdij-informacios-rendezveny\/#breadcrumb"},"inLanguage":"hu","potentialAction":[{"@type":"ReadAction","target":["https:\/\/www.ungarn-in-sachsen.de\/hu\/nyugdij-informacios-rendezveny\/"]}]},{"@type":"ImageObject","inLanguage":"hu","@id":"https:\/\/www.ungarn-in-sachsen.de\/hu\/nyugdij-informacios-rendezveny\/#primaryimage","url":"https:\/\/www.ungarn-in-sachsen.de\/wp-content\/uploads\/2016\/06\/Rente.jpg","contentUrl":"https:\/\/www.ungarn-in-sachsen.de\/wp-content\/uploads\/2016\/06\/Rente.jpg"},{"@type":"BreadcrumbList","@id":"https:\/\/www.ungarn-in-sachsen.de\/hu\/nyugdij-informacios-rendezveny\/#breadcrumb","itemListElement":[{"@type":"ListItem","position":1,"name":"Startseite","item":"https:\/\/www.ungarn-in-sachsen.de\/hu\/"},{"@type":"ListItem","position":2,"name":"Nyugd\u00edj-inform\u00e1ci\u00f3s rendezv\u00e9ny"}]},{"@type":"WebSite","@id":"https:\/\/www.ungarn-in-sachsen.de\/hu\/#website","url":"https:\/\/www.ungarn-in-sachsen.de\/hu\/","name":"Ungarischer Kulturverein Chemnitz und Umgebung e. V.","description":"Treffpunkt f\u00fcr Freunde der ungarischen Kultur","publisher":{"@id":"https:\/\/www.ungarn-in-sachsen.de\/hu\/#organization"},"potentialAction":[{"@type":"SearchAction","target":{"@type":"EntryPoint","urlTemplate":"https:\/\/www.ungarn-in-sachsen.de\/hu\/?s={search_term_string}"},"query-input":{"@type":"PropertyValueSpecification","valueRequired":true,"valueName":"search_term_string"}}],"inLanguage":"hu"},{"@type":"Organization","@id":"https:\/\/www.ungarn-in-sachsen.de\/hu\/#organization","name":"Ungarischer Kulturverein Chemnitz und Umgebung e.V.","url":"https:\/\/www.ungarn-in-sachsen.de\/hu\/","logo":{"@type":"ImageObject","inLanguage":"hu","@id":"https:\/\/www.ungarn-in-sachsen.de\/hu\/#\/schema\/logo\/image\/","url":"https:\/\/www.ungarn-in-sachsen.de\/wp-content\/uploads\/2019\/04\/logo.jpg","contentUrl":"https:\/\/www.ungarn-in-sachsen.de\/wp-content\/uploads\/2019\/04\/logo.jpg","width":266,"height":170,"caption":"Ungarischer Kulturverein Chemnitz und Umgebung e.V."},"image":{"@id":"https:\/\/www.ungarn-in-sachsen.de\/hu\/#\/schema\/logo\/image\/"},"sameAs":["https:\/\/www.facebook.com\/Ungarischer-Kulturverein-Chemnitz-und-Umgebung-eV-229421257171599\/"]},{"@type":"Person","@id":"https:\/\/www.ungarn-in-sachsen.de\/hu\/#\/schema\/person\/0134c9680c14e08af40f4fd16196ae98","name":"Katalin","url":"https:\/\/www.ungarn-in-sachsen.de\/hu\/author\/admin\/"}]}},"_links":{"self":[{"href":"https:\/\/www.ungarn-in-sachsen.de\/hu\/wp-json\/wp\/v2\/posts\/3075","targetHints":{"allow":["GET"]}}],"collection":[{"href":"https:\/\/www.ungarn-in-sachsen.de\/hu\/wp-json\/wp\/v2\/posts"}],"about":[{"href":"https:\/\/www.ungarn-in-sachsen.de\/hu\/wp-json\/wp\/v2\/types\/post"}],"author":[{"embeddable":true,"href":"https:\/\/www.ungarn-in-sachsen.de\/hu\/wp-json\/wp\/v2\/users\/7"}],"replies":[{"embeddable":true,"href":"https:\/\/www.ungarn-in-sachsen.de\/hu\/wp-json\/wp\/v2\/comments?post=3075"}],"version-history":[{"count":0,"href":"https:\/\/www.ungarn-in-sachsen.de\/hu\/wp-json\/wp\/v2\/posts\/3075\/revisions"}],"wp:attachment":[{"href":"https:\/\/www.ungarn-in-sachsen.de\/hu\/wp-json\/wp\/v2\/media?parent=3075"}],"wp:term":[{"taxonomy":"category","embeddable":true,"href":"https:\/\/www.ungarn-in-sachsen.de\/hu\/wp-json\/wp\/v2\/categories?post=3075"},{"taxonomy":"post_tag","embeddable":true,"href":"https:\/\/www.ungarn-in-sachsen.de\/hu\/wp-json\/wp\/v2\/tags?post=3075"}],"curies":[{"name":"wp","href":"https:\/\/api.w.org\/{rel}","templated":true}]}}