{"id":3083,"date":"2016-05-03T19:10:40","date_gmt":"2016-05-03T17:10:40","guid":{"rendered":"http:\/\/www.ungarn-in-sachsen.de\/taggyueles-majus-22-en\/"},"modified":"2019-07-23T19:14:24","modified_gmt":"2019-07-23T17:14:24","slug":"taggyueles-majus-22-en","status":"publish","type":"post","link":"https:\/\/www.ungarn-in-sachsen.de\/hu\/taggyueles-majus-22-en\/","title":{"rendered":"Taggy\u0171l\u00e9s 2016 M\u00e1jus 22-\u00e9n"},"content":{"rendered":"<p>Kedves Tagok!<\/p>\n<p>Szeretettel megh\u00edvunk Titeket a k\u00f6vetkez\u0151 Taggy\u0171l\u00e9s\u00fcnkre<\/p>\n<p>m\u00e1jus 22-\u00e9n 15 \u00f3rakor.<\/p>\n<p>Helysz\u00edn: Residenz Hotel Chemnitz (nagyterem),\u00a0<strong>Bernsdorfer Str. 2, 09126 Chemnitz<\/strong><\/p>\n<p>Napirendi pontok:<\/p>\n<p>&#8211; k\u00f6sz\u00f6nt\u00e9s<br \/>\n&#8211; 2015.\u00e9v \u00e1ttekint\u00e9se<br \/>\n&#8211; p\u00e9nz\u00fcgyi jelent\u00e9s<br \/>\n&#8211; k\u00f6nyvvizsg\u00e1l\u00f3i jelent\u00e9s<br \/>\n&#8211; vezet\u0151s\u00e9gi v\u00e1laszt\u00e1s<br \/>\n&#8211; az idei \u00e9ves program \u00e9s rendezv\u00e9nyek megbesz\u00e9l\u00e9se<\/p>\n<p>Mindenkit v\u00e1runk sok szeretettel!<\/p>\n","protected":false},"excerpt":{"rendered":"<p>Kedves Tagok! Szeretettel megh\u00edvunk Titeket a k\u00f6vetkez\u0151 Taggy\u0171l\u00e9s\u00fcnkre m\u00e1jus 22-\u00e9n 15 \u00f3rakor. Helysz\u00edn: Residenz Hotel Chemnitz (nagyterem),\u00a0Bernsdorfer Str. 2, 09126 Chemnitz Napirendi pontok: &#8211; k\u00f6sz\u00f6nt\u00e9s &#8211; 2015.\u00e9v \u00e1ttekint\u00e9se &#8211; p\u00e9nz\u00fcgyi [&hellip;]<\/p>\n","protected":false},"author":7,"featured_media":0,"comment_status":"closed","ping_status":"closed","sticky":false,"template":"","format":"standard","meta":{"_et_pb_use_builder":"","_et_pb_old_content":"","_et_gb_content_width":"","footnotes":""},"categories":[76],"tags":[],"class_list":["post-3083","post","type-post","status-publish","format-standard","hentry","category-allgemein-hu-2"],"yoast_head":"<!-- This site is optimized with the Yoast SEO plugin v27.5 - https:\/\/yoast.com\/product\/yoast-seo-wordpress\/ -->\n<title>Taggy\u0171l\u00e9s 2016 M\u00e1jus 22-\u00e9n - Ungarischer Kulturverein Chemnitz und Umgebung e. V.<\/title>\n<meta name=\"robots\" content=\"index, follow, max-snippet:-1, max-image-preview:large, max-video-preview:-1\" \/>\n<link rel=\"canonical\" href=\"https:\/\/www.ungarn-in-sachsen.de\/hu\/taggyueles-majus-22-en\/\" \/>\n<meta property=\"og:locale\" content=\"hu_HU\" \/>\n<meta property=\"og:type\" content=\"article\" \/>\n<meta property=\"og:title\" content=\"Taggy\u0171l\u00e9s 2016 M\u00e1jus 22-\u00e9n - Ungarischer Kulturverein Chemnitz und Umgebung e. V.\" \/>\n<meta property=\"og:description\" content=\"Kedves Tagok! Szeretettel megh\u00edvunk Titeket a k\u00f6vetkez\u0151 Taggy\u0171l\u00e9s\u00fcnkre m\u00e1jus 22-\u00e9n 15 \u00f3rakor. Helysz\u00edn: Residenz Hotel Chemnitz (nagyterem),\u00a0Bernsdorfer Str. 2, 09126 Chemnitz Napirendi pontok: &#8211; k\u00f6sz\u00f6nt\u00e9s &#8211; 2015.\u00e9v \u00e1ttekint\u00e9se &#8211; p\u00e9nz\u00fcgyi [&hellip;]\" \/>\n<meta property=\"og:url\" content=\"https:\/\/www.ungarn-in-sachsen.de\/hu\/taggyueles-majus-22-en\/\" \/>\n<meta property=\"og:site_name\" content=\"Ungarischer Kulturverein Chemnitz und Umgebung e. V.\" \/>\n<meta property=\"article:publisher\" content=\"https:\/\/www.facebook.com\/Ungarischer-Kulturverein-Chemnitz-und-Umgebung-eV-229421257171599\/\" \/>\n<meta property=\"article:published_time\" content=\"2016-05-03T17:10:40+00:00\" \/>\n<meta property=\"article:modified_time\" content=\"2019-07-23T17:14:24+00:00\" \/>\n<meta name=\"author\" content=\"Katalin\" \/>\n<meta name=\"twitter:card\" content=\"summary_large_image\" \/>\n<meta name=\"twitter:label1\" content=\"Szerz\u0151:\" \/>\n\t<meta name=\"twitter:data1\" content=\"Katalin\" \/>\n<script type=\"application\/ld+json\" class=\"yoast-schema-graph\">{\"@context\":\"https:\\\/\\\/schema.org\",\"@graph\":[{\"@type\":\"Article\",\"@id\":\"https:\\\/\\\/www.ungarn-in-sachsen.de\\\/hu\\\/taggyueles-majus-22-en\\\/#article\",\"isPartOf\":{\"@id\":\"https:\\\/\\\/www.ungarn-in-sachsen.de\\\/hu\\\/taggyueles-majus-22-en\\\/\"},\"author\":{\"name\":\"Katalin\",\"@id\":\"https:\\\/\\\/www.ungarn-in-sachsen.de\\\/hu\\\/#\\\/schema\\\/person\\\/0134c9680c14e08af40f4fd16196ae98\"},\"headline\":\"Taggy\u0171l\u00e9s 2016 M\u00e1jus 22-\u00e9n\",\"datePublished\":\"2016-05-03T17:10:40+00:00\",\"dateModified\":\"2019-07-23T17:14:24+00:00\",\"mainEntityOfPage\":{\"@id\":\"https:\\\/\\\/www.ungarn-in-sachsen.de\\\/hu\\\/taggyueles-majus-22-en\\\/\"},\"wordCount\":81,\"publisher\":{\"@id\":\"https:\\\/\\\/www.ungarn-in-sachsen.de\\\/hu\\\/#organization\"},\"articleSection\":[\"Allgemein\"],\"inLanguage\":\"hu\"},{\"@type\":\"WebPage\",\"@id\":\"https:\\\/\\\/www.ungarn-in-sachsen.de\\\/hu\\\/taggyueles-majus-22-en\\\/\",\"url\":\"https:\\\/\\\/www.ungarn-in-sachsen.de\\\/hu\\\/taggyueles-majus-22-en\\\/\",\"name\":\"Taggy\u0171l\u00e9s 2016 M\u00e1jus 22-\u00e9n - Ungarischer Kulturverein Chemnitz und Umgebung e. V.\",\"isPartOf\":{\"@id\":\"https:\\\/\\\/www.ungarn-in-sachsen.de\\\/hu\\\/#website\"},\"datePublished\":\"2016-05-03T17:10:40+00:00\",\"dateModified\":\"2019-07-23T17:14:24+00:00\",\"breadcrumb\":{\"@id\":\"https:\\\/\\\/www.ungarn-in-sachsen.de\\\/hu\\\/taggyueles-majus-22-en\\\/#breadcrumb\"},\"inLanguage\":\"hu\",\"potentialAction\":[{\"@type\":\"ReadAction\",\"target\":[\"https:\\\/\\\/www.ungarn-in-sachsen.de\\\/hu\\\/taggyueles-majus-22-en\\\/\"]}]},{\"@type\":\"BreadcrumbList\",\"@id\":\"https:\\\/\\\/www.ungarn-in-sachsen.de\\\/hu\\\/taggyueles-majus-22-en\\\/#breadcrumb\",\"itemListElement\":[{\"@type\":\"ListItem\",\"position\":1,\"name\":\"Startseite\",\"item\":\"https:\\\/\\\/www.ungarn-in-sachsen.de\\\/hu\\\/\"},{\"@type\":\"ListItem\",\"position\":2,\"name\":\"Taggy\u0171l\u00e9s 2016 M\u00e1jus 22-\u00e9n\"}]},{\"@type\":\"WebSite\",\"@id\":\"https:\\\/\\\/www.ungarn-in-sachsen.de\\\/hu\\\/#website\",\"url\":\"https:\\\/\\\/www.ungarn-in-sachsen.de\\\/hu\\\/\",\"name\":\"Ungarischer Kulturverein Chemnitz und Umgebung e. V.\",\"description\":\"Treffpunkt f\u00fcr Freunde der ungarischen Kultur\",\"publisher\":{\"@id\":\"https:\\\/\\\/www.ungarn-in-sachsen.de\\\/hu\\\/#organization\"},\"potentialAction\":[{\"@type\":\"SearchAction\",\"target\":{\"@type\":\"EntryPoint\",\"urlTemplate\":\"https:\\\/\\\/www.ungarn-in-sachsen.de\\\/hu\\\/?s={search_term_string}\"},\"query-input\":{\"@type\":\"PropertyValueSpecification\",\"valueRequired\":true,\"valueName\":\"search_term_string\"}}],\"inLanguage\":\"hu\"},{\"@type\":\"Organization\",\"@id\":\"https:\\\/\\\/www.ungarn-in-sachsen.de\\\/hu\\\/#organization\",\"name\":\"Ungarischer Kulturverein Chemnitz und Umgebung e.V.\",\"url\":\"https:\\\/\\\/www.ungarn-in-sachsen.de\\\/hu\\\/\",\"logo\":{\"@type\":\"ImageObject\",\"inLanguage\":\"hu\",\"@id\":\"https:\\\/\\\/www.ungarn-in-sachsen.de\\\/hu\\\/#\\\/schema\\\/logo\\\/image\\\/\",\"url\":\"https:\\\/\\\/www.ungarn-in-sachsen.de\\\/wp-content\\\/uploads\\\/2019\\\/04\\\/logo.jpg\",\"contentUrl\":\"https:\\\/\\\/www.ungarn-in-sachsen.de\\\/wp-content\\\/uploads\\\/2019\\\/04\\\/logo.jpg\",\"width\":266,\"height\":170,\"caption\":\"Ungarischer Kulturverein Chemnitz und Umgebung e.V.\"},\"image\":{\"@id\":\"https:\\\/\\\/www.ungarn-in-sachsen.de\\\/hu\\\/#\\\/schema\\\/logo\\\/image\\\/\"},\"sameAs\":[\"https:\\\/\\\/www.facebook.com\\\/Ungarischer-Kulturverein-Chemnitz-und-Umgebung-eV-229421257171599\\\/\"]},{\"@type\":\"Person\",\"@id\":\"https:\\\/\\\/www.ungarn-in-sachsen.de\\\/hu\\\/#\\\/schema\\\/person\\\/0134c9680c14e08af40f4fd16196ae98\",\"name\":\"Katalin\",\"url\":\"https:\\\/\\\/www.ungarn-in-sachsen.de\\\/hu\\\/author\\\/admin\\\/\"}]}<\/script>\n<!-- \/ Yoast SEO plugin. -->","yoast_head_json":{"title":"Taggy\u0171l\u00e9s 2016 M\u00e1jus 22-\u00e9n - Ungarischer Kulturverein Chemnitz und Umgebung e. V.","robots":{"index":"index","follow":"follow","max-snippet":"max-snippet:-1","max-image-preview":"max-image-preview:large","max-video-preview":"max-video-preview:-1"},"canonical":"https:\/\/www.ungarn-in-sachsen.de\/hu\/taggyueles-majus-22-en\/","og_locale":"hu_HU","og_type":"article","og_title":"Taggy\u0171l\u00e9s 2016 M\u00e1jus 22-\u00e9n - Ungarischer Kulturverein Chemnitz und Umgebung e. V.","og_description":"Kedves Tagok! Szeretettel megh\u00edvunk Titeket a k\u00f6vetkez\u0151 Taggy\u0171l\u00e9s\u00fcnkre m\u00e1jus 22-\u00e9n 15 \u00f3rakor. Helysz\u00edn: Residenz Hotel Chemnitz (nagyterem),\u00a0Bernsdorfer Str. 2, 09126 Chemnitz Napirendi pontok: &#8211; k\u00f6sz\u00f6nt\u00e9s &#8211; 2015.\u00e9v \u00e1ttekint\u00e9se &#8211; p\u00e9nz\u00fcgyi [&hellip;]","og_url":"https:\/\/www.ungarn-in-sachsen.de\/hu\/taggyueles-majus-22-en\/","og_site_name":"Ungarischer Kulturverein Chemnitz und Umgebung e. V.","article_publisher":"https:\/\/www.facebook.com\/Ungarischer-Kulturverein-Chemnitz-und-Umgebung-eV-229421257171599\/","article_published_time":"2016-05-03T17:10:40+00:00","article_modified_time":"2019-07-23T17:14:24+00:00","author":"Katalin","twitter_card":"summary_large_image","twitter_misc":{"Szerz\u0151:":"Katalin"},"schema":{"@context":"https:\/\/schema.org","@graph":[{"@type":"Article","@id":"https:\/\/www.ungarn-in-sachsen.de\/hu\/taggyueles-majus-22-en\/#article","isPartOf":{"@id":"https:\/\/www.ungarn-in-sachsen.de\/hu\/taggyueles-majus-22-en\/"},"author":{"name":"Katalin","@id":"https:\/\/www.ungarn-in-sachsen.de\/hu\/#\/schema\/person\/0134c9680c14e08af40f4fd16196ae98"},"headline":"Taggy\u0171l\u00e9s 2016 M\u00e1jus 22-\u00e9n","datePublished":"2016-05-03T17:10:40+00:00","dateModified":"2019-07-23T17:14:24+00:00","mainEntityOfPage":{"@id":"https:\/\/www.ungarn-in-sachsen.de\/hu\/taggyueles-majus-22-en\/"},"wordCount":81,"publisher":{"@id":"https:\/\/www.ungarn-in-sachsen.de\/hu\/#organization"},"articleSection":["Allgemein"],"inLanguage":"hu"},{"@type":"WebPage","@id":"https:\/\/www.ungarn-in-sachsen.de\/hu\/taggyueles-majus-22-en\/","url":"https:\/\/www.ungarn-in-sachsen.de\/hu\/taggyueles-majus-22-en\/","name":"Taggy\u0171l\u00e9s 2016 M\u00e1jus 22-\u00e9n - Ungarischer Kulturverein Chemnitz und Umgebung e. V.","isPartOf":{"@id":"https:\/\/www.ungarn-in-sachsen.de\/hu\/#website"},"datePublished":"2016-05-03T17:10:40+00:00","dateModified":"2019-07-23T17:14:24+00:00","breadcrumb":{"@id":"https:\/\/www.ungarn-in-sachsen.de\/hu\/taggyueles-majus-22-en\/#breadcrumb"},"inLanguage":"hu","potentialAction":[{"@type":"ReadAction","target":["https:\/\/www.ungarn-in-sachsen.de\/hu\/taggyueles-majus-22-en\/"]}]},{"@type":"BreadcrumbList","@id":"https:\/\/www.ungarn-in-sachsen.de\/hu\/taggyueles-majus-22-en\/#breadcrumb","itemListElement":[{"@type":"ListItem","position":1,"name":"Startseite","item":"https:\/\/www.ungarn-in-sachsen.de\/hu\/"},{"@type":"ListItem","position":2,"name":"Taggy\u0171l\u00e9s 2016 M\u00e1jus 22-\u00e9n"}]},{"@type":"WebSite","@id":"https:\/\/www.ungarn-in-sachsen.de\/hu\/#website","url":"https:\/\/www.ungarn-in-sachsen.de\/hu\/","name":"Ungarischer Kulturverein Chemnitz und Umgebung e. V.","description":"Treffpunkt f\u00fcr Freunde der ungarischen Kultur","publisher":{"@id":"https:\/\/www.ungarn-in-sachsen.de\/hu\/#organization"},"potentialAction":[{"@type":"SearchAction","target":{"@type":"EntryPoint","urlTemplate":"https:\/\/www.ungarn-in-sachsen.de\/hu\/?s={search_term_string}"},"query-input":{"@type":"PropertyValueSpecification","valueRequired":true,"valueName":"search_term_string"}}],"inLanguage":"hu"},{"@type":"Organization","@id":"https:\/\/www.ungarn-in-sachsen.de\/hu\/#organization","name":"Ungarischer Kulturverein Chemnitz und Umgebung e.V.","url":"https:\/\/www.ungarn-in-sachsen.de\/hu\/","logo":{"@type":"ImageObject","inLanguage":"hu","@id":"https:\/\/www.ungarn-in-sachsen.de\/hu\/#\/schema\/logo\/image\/","url":"https:\/\/www.ungarn-in-sachsen.de\/wp-content\/uploads\/2019\/04\/logo.jpg","contentUrl":"https:\/\/www.ungarn-in-sachsen.de\/wp-content\/uploads\/2019\/04\/logo.jpg","width":266,"height":170,"caption":"Ungarischer Kulturverein Chemnitz und Umgebung e.V."},"image":{"@id":"https:\/\/www.ungarn-in-sachsen.de\/hu\/#\/schema\/logo\/image\/"},"sameAs":["https:\/\/www.facebook.com\/Ungarischer-Kulturverein-Chemnitz-und-Umgebung-eV-229421257171599\/"]},{"@type":"Person","@id":"https:\/\/www.ungarn-in-sachsen.de\/hu\/#\/schema\/person\/0134c9680c14e08af40f4fd16196ae98","name":"Katalin","url":"https:\/\/www.ungarn-in-sachsen.de\/hu\/author\/admin\/"}]}},"_links":{"self":[{"href":"https:\/\/www.ungarn-in-sachsen.de\/hu\/wp-json\/wp\/v2\/posts\/3083","targetHints":{"allow":["GET"]}}],"collection":[{"href":"https:\/\/www.ungarn-in-sachsen.de\/hu\/wp-json\/wp\/v2\/posts"}],"about":[{"href":"https:\/\/www.ungarn-in-sachsen.de\/hu\/wp-json\/wp\/v2\/types\/post"}],"author":[{"embeddable":true,"href":"https:\/\/www.ungarn-in-sachsen.de\/hu\/wp-json\/wp\/v2\/users\/7"}],"replies":[{"embeddable":true,"href":"https:\/\/www.ungarn-in-sachsen.de\/hu\/wp-json\/wp\/v2\/comments?post=3083"}],"version-history":[{"count":0,"href":"https:\/\/www.ungarn-in-sachsen.de\/hu\/wp-json\/wp\/v2\/posts\/3083\/revisions"}],"wp:attachment":[{"href":"https:\/\/www.ungarn-in-sachsen.de\/hu\/wp-json\/wp\/v2\/media?parent=3083"}],"wp:term":[{"taxonomy":"category","embeddable":true,"href":"https:\/\/www.ungarn-in-sachsen.de\/hu\/wp-json\/wp\/v2\/categories?post=3083"},{"taxonomy":"post_tag","embeddable":true,"href":"https:\/\/www.ungarn-in-sachsen.de\/hu\/wp-json\/wp\/v2\/tags?post=3083"}],"curies":[{"name":"wp","href":"https:\/\/api.w.org\/{rel}","templated":true}]}}