{"id":3088,"date":"2017-07-11T19:15:52","date_gmt":"2017-07-11T17:15:52","guid":{"rendered":"http:\/\/www.ungarn-in-sachsen.de\/wortschatz-ein-ungar-kommt-selten-allein\/"},"modified":"2025-08-23T18:24:38","modified_gmt":"2025-08-23T16:24:38","slug":"wortschatz-ein-ungar-kommt-selten-allein","status":"publish","type":"post","link":"https:\/\/www.ungarn-in-sachsen.de\/hu\/wortschatz-ein-ungar-kommt-selten-allein\/","title":{"rendered":"WortSchatz &#8211; Egy magyar ritk\u00e1n j\u00f6n egyed\u00fcl"},"content":{"rendered":"<p>[et_pb_section fb_built=&#8221;1&#8243; _builder_version=&#8221;4.16&#8243; global_colors_info=&#8221;{}&#8221;][et_pb_row _builder_version=&#8221;4.16&#8243; background_size=&#8221;initial&#8221; background_position=&#8221;top_left&#8221; background_repeat=&#8221;repeat&#8221; global_colors_info=&#8221;{}&#8221;][et_pb_column type=&#8221;4_4&#8243; _builder_version=&#8221;4.16&#8243; custom_padding=&#8221;|||&#8221; global_colors_info=&#8221;{}&#8221; custom_padding__hover=&#8221;|||&#8221;][et_pb_text _builder_version=&#8221;4.16&#8243; background_size=&#8221;initial&#8221; background_position=&#8221;top_left&#8221; background_repeat=&#8221;repeat&#8221; global_colors_info=&#8221;{}&#8221;]<!--:de--><b>2017. j\u00fanius 15-\u00e9n<\/b> a Chemnitz und Umgebung e. V. Magyar Kultur\u00e1lis Egyes\u00fclet a v\u00e1rosi TIETZ kultur\u00e1lis v\u00e1llalkoz\u00e1ssal egy\u00fcttm\u0171k\u00f6dve k\u00f6nyvbemutat\u00f3t \u00e9s felolvas\u00e1st rendezett a Chemnitzi V\u00e1rosi K\u00f6nyvt\u00e1r rendezv\u00e9nyterm\u00e9ben.<\/p>\n<p>N\u00e9gy nagyon k\u00fcl\u00f6nb\u00f6z\u0151 magyar gy\u00f6ker\u0171 \u00edr\u00f3 toll\u00e1b\u00f3l sz\u00e1rmaz\u00f3 kort\u00e1rs irodalmat mutattak be:<\/p>\n<ul>\n<li>Ildik\u00f3 von K\u00fcrthy: Holdf\u00e9nyes b\u00facs\u00faztat\u00f3<\/li>\n<li>M\u00f3ra Ter\u00e9zia: A sz\u00f6rny<\/li>\n<li>K\u0151v\u00e1ry Gy\u00f6rgy: Egy magyar ritk\u00e1n j\u00f6n egyed\u00fcl&#8230;<\/li>\n<li>Kert\u00e9sz Imre : egy sors n\u00e9lk\u00fcli ember reg\u00e9nye<\/li>\n<\/ul>\n<p>M\u00e9sz\u00e1ros Ildik\u00f3 \u00e9s Wolfgang Kraneis h\u00e1tt\u00e9r-inform\u00e1ci\u00f3kat adott a szerz\u0151kr\u0151l \u00e9s k\u00f6nyveikr\u0151l, \u00e9s r\u00e9szleteket olvasott fel m\u0171veikb\u0151l, \u00e9l\u00e9nk form\u00e1ban.<\/p>\n<p>Rendk\u00edv\u00fcl sikeres \u00e9s sz\u00f3rakoztat\u00f3 este volt.<\/p>\n<p>&nbsp;<\/p>\n<p>A rendezv\u00e9nyt a Chemnitz V\u00e1rosi Kultur\u00e1lis K\u00f6zpont kultur\u00e1lis t\u00e1mogat\u00e1s\u00e1val val\u00f3sult meg.<!--:--><br \/>\n[\/et_pb_text][\/et_pb_column][\/et_pb_row][\/et_pb_section]<\/p>\n","protected":false},"excerpt":{"rendered":"<p>2017. j\u00fanius 15-\u00e9n a Chemnitz und Umgebung e. V. Magyar Kultur\u00e1lis Egyes\u00fclet a v\u00e1rosi TIETZ kultur\u00e1lis v\u00e1llalkoz\u00e1ssal egy\u00fcttm\u0171k\u00f6dve k\u00f6nyvbemutat\u00f3t \u00e9s felolvas\u00e1st rendezett a Chemnitzi V\u00e1rosi K\u00f6nyvt\u00e1r rendezv\u00e9nyterm\u00e9ben. N\u00e9gy nagyon k\u00fcl\u00f6nb\u00f6z\u0151 [&hellip;]<\/p>\n","protected":false},"author":7,"featured_media":0,"comment_status":"closed","ping_status":"closed","sticky":false,"template":"","format":"standard","meta":{"_et_pb_use_builder":"on","_et_pb_old_content":"","_et_gb_content_width":"","footnotes":""},"categories":[74],"tags":[],"class_list":["post-3088","post","type-post","status-publish","format-standard","hentry","category-szokincs"],"yoast_head":"<!-- This site is optimized with the Yoast SEO plugin v27.5 - https:\/\/yoast.com\/product\/yoast-seo-wordpress\/ -->\n<title>WortSchatz - Egy magyar ritk\u00e1n j\u00f6n egyed\u00fcl - Ungarischer Kulturverein Chemnitz und Umgebung e. V.<\/title>\n<meta name=\"robots\" content=\"index, follow, max-snippet:-1, max-image-preview:large, max-video-preview:-1\" \/>\n<link rel=\"canonical\" href=\"https:\/\/www.ungarn-in-sachsen.de\/hu\/wortschatz-ein-ungar-kommt-selten-allein\/\" \/>\n<meta property=\"og:locale\" content=\"hu_HU\" \/>\n<meta property=\"og:type\" content=\"article\" \/>\n<meta property=\"og:title\" content=\"WortSchatz - Egy magyar ritk\u00e1n j\u00f6n egyed\u00fcl - Ungarischer Kulturverein Chemnitz und Umgebung e. V.\" \/>\n<meta property=\"og:description\" content=\"2017. j\u00fanius 15-\u00e9n a Chemnitz und Umgebung e. V. Magyar Kultur\u00e1lis Egyes\u00fclet a v\u00e1rosi TIETZ kultur\u00e1lis v\u00e1llalkoz\u00e1ssal egy\u00fcttm\u0171k\u00f6dve k\u00f6nyvbemutat\u00f3t \u00e9s felolvas\u00e1st rendezett a Chemnitzi V\u00e1rosi K\u00f6nyvt\u00e1r rendezv\u00e9nyterm\u00e9ben. N\u00e9gy nagyon k\u00fcl\u00f6nb\u00f6z\u0151 [&hellip;]\" \/>\n<meta property=\"og:url\" content=\"https:\/\/www.ungarn-in-sachsen.de\/hu\/wortschatz-ein-ungar-kommt-selten-allein\/\" \/>\n<meta property=\"og:site_name\" content=\"Ungarischer Kulturverein Chemnitz und Umgebung e. V.\" \/>\n<meta property=\"article:publisher\" content=\"https:\/\/www.facebook.com\/Ungarischer-Kulturverein-Chemnitz-und-Umgebung-eV-229421257171599\/\" \/>\n<meta property=\"article:published_time\" content=\"2017-07-11T17:15:52+00:00\" \/>\n<meta property=\"article:modified_time\" content=\"2025-08-23T16:24:38+00:00\" \/>\n<meta name=\"author\" content=\"Katalin\" \/>\n<meta name=\"twitter:card\" content=\"summary_large_image\" \/>\n<meta name=\"twitter:label1\" content=\"Szerz\u0151:\" \/>\n\t<meta name=\"twitter:data1\" content=\"Katalin\" \/>\n\t<meta name=\"twitter:label2\" content=\"Becs\u00fclt olvas\u00e1si id\u0151\" \/>\n\t<meta name=\"twitter:data2\" content=\"1 perc\" \/>\n<script type=\"application\/ld+json\" class=\"yoast-schema-graph\">{\"@context\":\"https:\\\/\\\/schema.org\",\"@graph\":[{\"@type\":\"Article\",\"@id\":\"https:\\\/\\\/www.ungarn-in-sachsen.de\\\/hu\\\/wortschatz-ein-ungar-kommt-selten-allein\\\/#article\",\"isPartOf\":{\"@id\":\"https:\\\/\\\/www.ungarn-in-sachsen.de\\\/hu\\\/wortschatz-ein-ungar-kommt-selten-allein\\\/\"},\"author\":{\"name\":\"Katalin\",\"@id\":\"https:\\\/\\\/www.ungarn-in-sachsen.de\\\/hu\\\/#\\\/schema\\\/person\\\/0134c9680c14e08af40f4fd16196ae98\"},\"headline\":\"WortSchatz &#8211; Egy magyar ritk\u00e1n j\u00f6n egyed\u00fcl\",\"datePublished\":\"2017-07-11T17:15:52+00:00\",\"dateModified\":\"2025-08-23T16:24:38+00:00\",\"mainEntityOfPage\":{\"@id\":\"https:\\\/\\\/www.ungarn-in-sachsen.de\\\/hu\\\/wortschatz-ein-ungar-kommt-selten-allein\\\/\"},\"wordCount\":251,\"publisher\":{\"@id\":\"https:\\\/\\\/www.ungarn-in-sachsen.de\\\/hu\\\/#organization\"},\"articleSection\":[\"Sz\u00f3Kincs\"],\"inLanguage\":\"hu\"},{\"@type\":\"WebPage\",\"@id\":\"https:\\\/\\\/www.ungarn-in-sachsen.de\\\/hu\\\/wortschatz-ein-ungar-kommt-selten-allein\\\/\",\"url\":\"https:\\\/\\\/www.ungarn-in-sachsen.de\\\/hu\\\/wortschatz-ein-ungar-kommt-selten-allein\\\/\",\"name\":\"WortSchatz - Egy magyar ritk\u00e1n j\u00f6n egyed\u00fcl - Ungarischer Kulturverein Chemnitz und Umgebung e. V.\",\"isPartOf\":{\"@id\":\"https:\\\/\\\/www.ungarn-in-sachsen.de\\\/hu\\\/#website\"},\"datePublished\":\"2017-07-11T17:15:52+00:00\",\"dateModified\":\"2025-08-23T16:24:38+00:00\",\"breadcrumb\":{\"@id\":\"https:\\\/\\\/www.ungarn-in-sachsen.de\\\/hu\\\/wortschatz-ein-ungar-kommt-selten-allein\\\/#breadcrumb\"},\"inLanguage\":\"hu\",\"potentialAction\":[{\"@type\":\"ReadAction\",\"target\":[\"https:\\\/\\\/www.ungarn-in-sachsen.de\\\/hu\\\/wortschatz-ein-ungar-kommt-selten-allein\\\/\"]}]},{\"@type\":\"BreadcrumbList\",\"@id\":\"https:\\\/\\\/www.ungarn-in-sachsen.de\\\/hu\\\/wortschatz-ein-ungar-kommt-selten-allein\\\/#breadcrumb\",\"itemListElement\":[{\"@type\":\"ListItem\",\"position\":1,\"name\":\"Startseite\",\"item\":\"https:\\\/\\\/www.ungarn-in-sachsen.de\\\/hu\\\/\"},{\"@type\":\"ListItem\",\"position\":2,\"name\":\"WortSchatz &#8211; Egy magyar ritk\u00e1n j\u00f6n egyed\u00fcl\"}]},{\"@type\":\"WebSite\",\"@id\":\"https:\\\/\\\/www.ungarn-in-sachsen.de\\\/hu\\\/#website\",\"url\":\"https:\\\/\\\/www.ungarn-in-sachsen.de\\\/hu\\\/\",\"name\":\"Ungarischer Kulturverein Chemnitz und Umgebung e. V.\",\"description\":\"Treffpunkt f\u00fcr Freunde der ungarischen Kultur\",\"publisher\":{\"@id\":\"https:\\\/\\\/www.ungarn-in-sachsen.de\\\/hu\\\/#organization\"},\"potentialAction\":[{\"@type\":\"SearchAction\",\"target\":{\"@type\":\"EntryPoint\",\"urlTemplate\":\"https:\\\/\\\/www.ungarn-in-sachsen.de\\\/hu\\\/?s={search_term_string}\"},\"query-input\":{\"@type\":\"PropertyValueSpecification\",\"valueRequired\":true,\"valueName\":\"search_term_string\"}}],\"inLanguage\":\"hu\"},{\"@type\":\"Organization\",\"@id\":\"https:\\\/\\\/www.ungarn-in-sachsen.de\\\/hu\\\/#organization\",\"name\":\"Ungarischer Kulturverein Chemnitz und Umgebung e.V.\",\"url\":\"https:\\\/\\\/www.ungarn-in-sachsen.de\\\/hu\\\/\",\"logo\":{\"@type\":\"ImageObject\",\"inLanguage\":\"hu\",\"@id\":\"https:\\\/\\\/www.ungarn-in-sachsen.de\\\/hu\\\/#\\\/schema\\\/logo\\\/image\\\/\",\"url\":\"https:\\\/\\\/www.ungarn-in-sachsen.de\\\/wp-content\\\/uploads\\\/2019\\\/04\\\/logo.jpg\",\"contentUrl\":\"https:\\\/\\\/www.ungarn-in-sachsen.de\\\/wp-content\\\/uploads\\\/2019\\\/04\\\/logo.jpg\",\"width\":266,\"height\":170,\"caption\":\"Ungarischer Kulturverein Chemnitz und Umgebung e.V.\"},\"image\":{\"@id\":\"https:\\\/\\\/www.ungarn-in-sachsen.de\\\/hu\\\/#\\\/schema\\\/logo\\\/image\\\/\"},\"sameAs\":[\"https:\\\/\\\/www.facebook.com\\\/Ungarischer-Kulturverein-Chemnitz-und-Umgebung-eV-229421257171599\\\/\"]},{\"@type\":\"Person\",\"@id\":\"https:\\\/\\\/www.ungarn-in-sachsen.de\\\/hu\\\/#\\\/schema\\\/person\\\/0134c9680c14e08af40f4fd16196ae98\",\"name\":\"Katalin\",\"url\":\"https:\\\/\\\/www.ungarn-in-sachsen.de\\\/hu\\\/author\\\/admin\\\/\"}]}<\/script>\n<!-- \/ Yoast SEO plugin. -->","yoast_head_json":{"title":"WortSchatz - Egy magyar ritk\u00e1n j\u00f6n egyed\u00fcl - Ungarischer Kulturverein Chemnitz und Umgebung e. V.","robots":{"index":"index","follow":"follow","max-snippet":"max-snippet:-1","max-image-preview":"max-image-preview:large","max-video-preview":"max-video-preview:-1"},"canonical":"https:\/\/www.ungarn-in-sachsen.de\/hu\/wortschatz-ein-ungar-kommt-selten-allein\/","og_locale":"hu_HU","og_type":"article","og_title":"WortSchatz - Egy magyar ritk\u00e1n j\u00f6n egyed\u00fcl - Ungarischer Kulturverein Chemnitz und Umgebung e. V.","og_description":"2017. j\u00fanius 15-\u00e9n a Chemnitz und Umgebung e. V. Magyar Kultur\u00e1lis Egyes\u00fclet a v\u00e1rosi TIETZ kultur\u00e1lis v\u00e1llalkoz\u00e1ssal egy\u00fcttm\u0171k\u00f6dve k\u00f6nyvbemutat\u00f3t \u00e9s felolvas\u00e1st rendezett a Chemnitzi V\u00e1rosi K\u00f6nyvt\u00e1r rendezv\u00e9nyterm\u00e9ben. N\u00e9gy nagyon k\u00fcl\u00f6nb\u00f6z\u0151 [&hellip;]","og_url":"https:\/\/www.ungarn-in-sachsen.de\/hu\/wortschatz-ein-ungar-kommt-selten-allein\/","og_site_name":"Ungarischer Kulturverein Chemnitz und Umgebung e. V.","article_publisher":"https:\/\/www.facebook.com\/Ungarischer-Kulturverein-Chemnitz-und-Umgebung-eV-229421257171599\/","article_published_time":"2017-07-11T17:15:52+00:00","article_modified_time":"2025-08-23T16:24:38+00:00","author":"Katalin","twitter_card":"summary_large_image","twitter_misc":{"Szerz\u0151:":"Katalin","Becs\u00fclt olvas\u00e1si id\u0151":"1 perc"},"schema":{"@context":"https:\/\/schema.org","@graph":[{"@type":"Article","@id":"https:\/\/www.ungarn-in-sachsen.de\/hu\/wortschatz-ein-ungar-kommt-selten-allein\/#article","isPartOf":{"@id":"https:\/\/www.ungarn-in-sachsen.de\/hu\/wortschatz-ein-ungar-kommt-selten-allein\/"},"author":{"name":"Katalin","@id":"https:\/\/www.ungarn-in-sachsen.de\/hu\/#\/schema\/person\/0134c9680c14e08af40f4fd16196ae98"},"headline":"WortSchatz &#8211; Egy magyar ritk\u00e1n j\u00f6n egyed\u00fcl","datePublished":"2017-07-11T17:15:52+00:00","dateModified":"2025-08-23T16:24:38+00:00","mainEntityOfPage":{"@id":"https:\/\/www.ungarn-in-sachsen.de\/hu\/wortschatz-ein-ungar-kommt-selten-allein\/"},"wordCount":251,"publisher":{"@id":"https:\/\/www.ungarn-in-sachsen.de\/hu\/#organization"},"articleSection":["Sz\u00f3Kincs"],"inLanguage":"hu"},{"@type":"WebPage","@id":"https:\/\/www.ungarn-in-sachsen.de\/hu\/wortschatz-ein-ungar-kommt-selten-allein\/","url":"https:\/\/www.ungarn-in-sachsen.de\/hu\/wortschatz-ein-ungar-kommt-selten-allein\/","name":"WortSchatz - Egy magyar ritk\u00e1n j\u00f6n egyed\u00fcl - Ungarischer Kulturverein Chemnitz und Umgebung e. V.","isPartOf":{"@id":"https:\/\/www.ungarn-in-sachsen.de\/hu\/#website"},"datePublished":"2017-07-11T17:15:52+00:00","dateModified":"2025-08-23T16:24:38+00:00","breadcrumb":{"@id":"https:\/\/www.ungarn-in-sachsen.de\/hu\/wortschatz-ein-ungar-kommt-selten-allein\/#breadcrumb"},"inLanguage":"hu","potentialAction":[{"@type":"ReadAction","target":["https:\/\/www.ungarn-in-sachsen.de\/hu\/wortschatz-ein-ungar-kommt-selten-allein\/"]}]},{"@type":"BreadcrumbList","@id":"https:\/\/www.ungarn-in-sachsen.de\/hu\/wortschatz-ein-ungar-kommt-selten-allein\/#breadcrumb","itemListElement":[{"@type":"ListItem","position":1,"name":"Startseite","item":"https:\/\/www.ungarn-in-sachsen.de\/hu\/"},{"@type":"ListItem","position":2,"name":"WortSchatz &#8211; Egy magyar ritk\u00e1n j\u00f6n egyed\u00fcl"}]},{"@type":"WebSite","@id":"https:\/\/www.ungarn-in-sachsen.de\/hu\/#website","url":"https:\/\/www.ungarn-in-sachsen.de\/hu\/","name":"Ungarischer Kulturverein Chemnitz und Umgebung e. V.","description":"Treffpunkt f\u00fcr Freunde der ungarischen Kultur","publisher":{"@id":"https:\/\/www.ungarn-in-sachsen.de\/hu\/#organization"},"potentialAction":[{"@type":"SearchAction","target":{"@type":"EntryPoint","urlTemplate":"https:\/\/www.ungarn-in-sachsen.de\/hu\/?s={search_term_string}"},"query-input":{"@type":"PropertyValueSpecification","valueRequired":true,"valueName":"search_term_string"}}],"inLanguage":"hu"},{"@type":"Organization","@id":"https:\/\/www.ungarn-in-sachsen.de\/hu\/#organization","name":"Ungarischer Kulturverein Chemnitz und Umgebung e.V.","url":"https:\/\/www.ungarn-in-sachsen.de\/hu\/","logo":{"@type":"ImageObject","inLanguage":"hu","@id":"https:\/\/www.ungarn-in-sachsen.de\/hu\/#\/schema\/logo\/image\/","url":"https:\/\/www.ungarn-in-sachsen.de\/wp-content\/uploads\/2019\/04\/logo.jpg","contentUrl":"https:\/\/www.ungarn-in-sachsen.de\/wp-content\/uploads\/2019\/04\/logo.jpg","width":266,"height":170,"caption":"Ungarischer Kulturverein Chemnitz und Umgebung e.V."},"image":{"@id":"https:\/\/www.ungarn-in-sachsen.de\/hu\/#\/schema\/logo\/image\/"},"sameAs":["https:\/\/www.facebook.com\/Ungarischer-Kulturverein-Chemnitz-und-Umgebung-eV-229421257171599\/"]},{"@type":"Person","@id":"https:\/\/www.ungarn-in-sachsen.de\/hu\/#\/schema\/person\/0134c9680c14e08af40f4fd16196ae98","name":"Katalin","url":"https:\/\/www.ungarn-in-sachsen.de\/hu\/author\/admin\/"}]}},"_links":{"self":[{"href":"https:\/\/www.ungarn-in-sachsen.de\/hu\/wp-json\/wp\/v2\/posts\/3088","targetHints":{"allow":["GET"]}}],"collection":[{"href":"https:\/\/www.ungarn-in-sachsen.de\/hu\/wp-json\/wp\/v2\/posts"}],"about":[{"href":"https:\/\/www.ungarn-in-sachsen.de\/hu\/wp-json\/wp\/v2\/types\/post"}],"author":[{"embeddable":true,"href":"https:\/\/www.ungarn-in-sachsen.de\/hu\/wp-json\/wp\/v2\/users\/7"}],"replies":[{"embeddable":true,"href":"https:\/\/www.ungarn-in-sachsen.de\/hu\/wp-json\/wp\/v2\/comments?post=3088"}],"version-history":[{"count":0,"href":"https:\/\/www.ungarn-in-sachsen.de\/hu\/wp-json\/wp\/v2\/posts\/3088\/revisions"}],"wp:attachment":[{"href":"https:\/\/www.ungarn-in-sachsen.de\/hu\/wp-json\/wp\/v2\/media?parent=3088"}],"wp:term":[{"taxonomy":"category","embeddable":true,"href":"https:\/\/www.ungarn-in-sachsen.de\/hu\/wp-json\/wp\/v2\/categories?post=3088"},{"taxonomy":"post_tag","embeddable":true,"href":"https:\/\/www.ungarn-in-sachsen.de\/hu\/wp-json\/wp\/v2\/tags?post=3088"}],"curies":[{"name":"wp","href":"https:\/\/api.w.org\/{rel}","templated":true}]}}