{"id":3091,"date":"2015-10-05T19:21:30","date_gmt":"2015-10-05T17:21:30","guid":{"rendered":"http:\/\/www.ungarn-in-sachsen.de\/a-magyar-gyomorirodalom-muveszeti-kulinaris-utazas-magyarorszagon\/"},"modified":"2025-08-23T18:11:54","modified_gmt":"2025-08-23T16:11:54","slug":"a-magyar-gyomorirodalom-muveszeti-kulinaris-utazas-magyarorszagon","status":"publish","type":"post","link":"https:\/\/www.ungarn-in-sachsen.de\/hu\/a-magyar-gyomorirodalom-muveszeti-kulinaris-utazas-magyarorszagon\/","title":{"rendered":"A magyar \u201egyomorirodalom\u201d M\u0171v\u00e9szeti kulin\u00e1ris utaz\u00e1s Magyarorsz\u00e1gon"},"content":{"rendered":"<p>[et_pb_section fb_built=&#8221;1&#8243; _builder_version=&#8221;4.16&#8243; global_colors_info=&#8221;{}&#8221;][et_pb_row _builder_version=&#8221;4.16&#8243; background_size=&#8221;initial&#8221; background_position=&#8221;top_left&#8221; background_repeat=&#8221;repeat&#8221; global_colors_info=&#8221;{}&#8221;][et_pb_column type=&#8221;4_4&#8243; _builder_version=&#8221;4.16&#8243; custom_padding=&#8221;|||&#8221; global_colors_info=&#8221;{}&#8221; custom_padding__hover=&#8221;|||&#8221;][et_pb_text _builder_version=&#8221;4.16&#8243; background_size=&#8221;initial&#8221; background_position=&#8221;top_left&#8221; background_repeat=&#8221;repeat&#8221; global_colors_info=&#8221;{}&#8221;]<\/p>\n<p>2015. okt\u00f3ber 4-\u00e9n 19:00 \u00f3r\u00e1t\u00f3l a Bety\u00e1r Cs\u00e1rda \u00e9tteremben (Beyerstra\u00dfe 28, 09113 Chemnitz) t\u00f6bbfog\u00e1sos magyar specialit\u00e1sokb\u00f3l \u00e1ll\u00f3 men\u00fcvel, magyar irodalmi v\u00e1logat\u00e1ssal, valamint nagy k\u00f6lt\u0151k \u00e9s gondolkod\u00f3k apr\u00f3 anekdot\u00e1ival k\u00e9nyeztett\u00e9k a vend\u00e9gek szellem\u00e9t \u00e9s \u00edzlel\u0151bimb\u00f3it. \u201eVegy\u00fcnk egy konyh\u00e1t, amelynek kauk\u00e1zusi d\u00e9dapja, olasz d\u00e9danyja, t\u00f6r\u00f6k nagyapja, osztr\u00e1k s\u00f3gora \u00e9s francia nagyb\u00e1tyja van. Keress\u00fcnk hozz\u00e1 egy n\u00e9pet, amelynek j\u00f3 \u00edzl\u00e9se, kifinomult \u00edzl\u00e9svil\u00e1ga, \u00e9rz\u00e9ke \u00e9s kedve van a f\u0151z\u00e9shez. V\u00e1lassza ki a legtehets\u00e9gesebb szak\u00e1csokat \u00e9s cukr\u00e1szokat, akiknek \u0151sei m\u00e1r a 15. sz\u00e1zadban a kir\u00e1ly \u00e1ltal nemesi rangra emelt\u00e9k \u0151ket f\u0151z\u0151tudom\u00e1nyuk\u00e9rt. A n\u0151k pedig mindenf\u00e9le gomb\u00e1t, f\u0171szern\u00f6v\u00e9nyt, z\u00f6lds\u00e9get \u00e9s gy\u00fcm\u00f6lcs\u00f6t gy\u0171jtenek, amelyek a K\u00e1rp\u00e1t-medence term\u00e9keny s\u00edks\u00e1gain \u00e9s vulkanikus hegyoldalain teremnek, \u00e9s ennek a kis K\u00e1na\u00e1nnak az arany sugarait\u00f3l \u00e9desen, \u00edzletesen \u00e9s f\u0171szeresre \u00e9rnek. &#8211; \u00cdgy \u00edrja le Imre Gundel a magyar konyh\u00e1t. Val\u00f3ban, a magyar konyh\u00e1t \u00edzletes kulin\u00e1ris hat\u00e1sok, p\u00e9ld\u00e1ul t\u00f6r\u00f6k, osztr\u00e1k, n\u00e9met, szlov\u00e1k, szerb \u00e9s horv\u00e1t hat\u00e1sok olvaszt\u00f3t\u00e9gelyek\u00e9nt lehetne dics\u00e9rni. Ez nem is csoda, hiszen Magyarorsz\u00e1g t\u00f6rt\u00e9nelm\u00e9t a nemzetis\u00e9gek v\u00e1ndorl\u00e1sa jellemzi; egy olvaszt\u00f3t\u00e9gely, amelyben magyarok, n\u00e9metek, t\u00f6r\u00f6k\u00f6k \u00e9s balk\u00e1ni n\u00e9pek keverednek; a kelet \u00e9s a nyugat hat\u00e1rvid\u00e9ke. <b>\u00cdme az irodalmi est \u00f6tfog\u00e1sos men\u00fcje:<\/b><\/p>\n<p><\/p>\n<table>\n<tbody>\n<tr>\n<th width=\"25%\">\u00a0<\/th>\n<th width=\"25%\">Men\u00fc<\/th>\n<th width=\"25%\">\u00cdr\u00f3 \/ K\u00f6lt\u0151<\/th>\n<th width=\"25%\">Vers \/ pr\u00f3za<\/th>\n<\/tr>\n<tr>\n<th>Vend\u00e9g k\u00f6sz\u00f6nt\u00f6<\/th>\n<td>Keny\u00e9r, s\u00f3 \u00e9s p\u00e1linka<\/td>\n<td>J\u00f3zsef Attila<\/td>\n<td>Kedves Joc\u00f3!\/ \u00c9hs\u00e9g<\/td>\n<\/tr>\n<tr>\n<th>El\u00f6\u00e9tel<\/th>\n<td>k\u00e1poszt\u00e1s r\u00e9tes<\/td>\n<td>Moln\u00e1r Ferenc<\/td>\n<td>\u201eA levesben l\u00e9v\u0151 l\u00e9gy\u201c<\/td>\n<\/tr>\n<tr>\n<th>Leves<\/th>\n<td>J\u00f3kai bableves<\/td>\n<td rowspan=\"2\">J\u00f3kai M\u00f3r<\/td>\n<td rowspan=\"2\">Cs\u00e1rd\u00e1s a Cig\u00e1nyb\u00e1r\u00f3 c\u00edm\u0171 operettb\u0151l, Johann Strauss h\u00e1rom felvon\u00e1sos komikus operettje, sz\u00f6vegk\u00f6nyv: Ignaz Schnitzer, Mor Jokai novell\u00e1ja alapj\u00e1n (S\u00e1ffi c\u00edm\u0171 novell\u00e1ja)<\/td>\n<\/tr>\n<tr>\n<th>Bor<\/th>\n<td>Tokaji Furmint<\/td>\n<\/tr>\n<tr>\n<th>F\u0151\u00e9tel<\/th>\n<td>Paprik\u00e1scsirke galusk\u00e1val<\/td>\n<td>Arany J\u00e1nos<\/td>\n<td>Csal\u00e1di k\u00f6r<\/td>\n<\/tr>\n<tr>\n<th>Desszert<\/th>\n<td>Gundel palacsinta<\/td>\n<td>S\u00e1ndor M\u00e1rai<\/td>\n<td>San Gennaro v\u00e9re<\/td>\n<\/tr>\n<tr>\n<th>K\u00e1v\u00e9<\/th>\n<td>Espresso<\/td>\n<td>&#8211;<\/td>\n<td>A k\u00e1v\u00e9val kapcsolatos anekdot\u00e1k<\/td>\n<\/tr>\n<\/tbody>\n<\/table>\n<p>[\/et_pb_text][\/et_pb_column][\/et_pb_row][\/et_pb_section]<\/p>\n","protected":false},"excerpt":{"rendered":"<p>2015. okt\u00f3ber 4-\u00e9n 19:00 \u00f3r\u00e1t\u00f3l a Bety\u00e1r Cs\u00e1rda \u00e9tteremben (Beyerstra\u00dfe 28, 09113 Chemnitz) t\u00f6bbfog\u00e1sos magyar specialit\u00e1sokb\u00f3l \u00e1ll\u00f3 men\u00fcvel, magyar irodalmi v\u00e1logat\u00e1ssal, valamint nagy k\u00f6lt\u0151k \u00e9s gondolkod\u00f3k apr\u00f3 anekdot\u00e1ival k\u00e9nyeztett\u00e9k a [&hellip;]<\/p>\n","protected":false},"author":7,"featured_media":0,"comment_status":"closed","ping_status":"closed","sticky":false,"template":"","format":"standard","meta":{"_et_pb_use_builder":"on","_et_pb_old_content":"","_et_gb_content_width":"","footnotes":""},"categories":[74],"tags":[],"class_list":["post-3091","post","type-post","status-publish","format-standard","hentry","category-szokincs"],"yoast_head":"<!-- This site is optimized with the Yoast SEO plugin v27.4 - https:\/\/yoast.com\/product\/yoast-seo-wordpress\/ -->\n<title>A magyar \u201egyomorirodalom\u201d M\u0171v\u00e9szeti kulin\u00e1ris utaz\u00e1s Magyarorsz\u00e1gon - Ungarischer Kulturverein Chemnitz und Umgebung e. V.<\/title>\n<meta name=\"robots\" content=\"index, follow, max-snippet:-1, max-image-preview:large, max-video-preview:-1\" \/>\n<link rel=\"canonical\" href=\"https:\/\/www.ungarn-in-sachsen.de\/hu\/a-magyar-gyomorirodalom-muveszeti-kulinaris-utazas-magyarorszagon\/\" \/>\n<meta property=\"og:locale\" content=\"hu_HU\" \/>\n<meta property=\"og:type\" content=\"article\" \/>\n<meta property=\"og:title\" content=\"A magyar \u201egyomorirodalom\u201d M\u0171v\u00e9szeti kulin\u00e1ris utaz\u00e1s Magyarorsz\u00e1gon - Ungarischer Kulturverein Chemnitz und Umgebung e. V.\" \/>\n<meta property=\"og:description\" content=\"2015. okt\u00f3ber 4-\u00e9n 19:00 \u00f3r\u00e1t\u00f3l a Bety\u00e1r Cs\u00e1rda \u00e9tteremben (Beyerstra\u00dfe 28, 09113 Chemnitz) t\u00f6bbfog\u00e1sos magyar specialit\u00e1sokb\u00f3l \u00e1ll\u00f3 men\u00fcvel, magyar irodalmi v\u00e1logat\u00e1ssal, valamint nagy k\u00f6lt\u0151k \u00e9s gondolkod\u00f3k apr\u00f3 anekdot\u00e1ival k\u00e9nyeztett\u00e9k a [&hellip;]\" \/>\n<meta property=\"og:url\" content=\"https:\/\/www.ungarn-in-sachsen.de\/hu\/a-magyar-gyomorirodalom-muveszeti-kulinaris-utazas-magyarorszagon\/\" \/>\n<meta property=\"og:site_name\" content=\"Ungarischer Kulturverein Chemnitz und Umgebung e. V.\" \/>\n<meta property=\"article:publisher\" content=\"https:\/\/www.facebook.com\/Ungarischer-Kulturverein-Chemnitz-und-Umgebung-eV-229421257171599\/\" \/>\n<meta property=\"article:published_time\" content=\"2015-10-05T17:21:30+00:00\" \/>\n<meta property=\"article:modified_time\" content=\"2025-08-23T16:11:54+00:00\" \/>\n<meta name=\"author\" content=\"Katalin\" \/>\n<meta name=\"twitter:card\" content=\"summary_large_image\" \/>\n<meta name=\"twitter:label1\" content=\"Szerz\u0151:\" \/>\n\t<meta name=\"twitter:data1\" content=\"Katalin\" \/>\n\t<meta name=\"twitter:label2\" content=\"Becs\u00fclt olvas\u00e1si id\u0151\" \/>\n\t<meta name=\"twitter:data2\" content=\"2 perc\" \/>\n<script type=\"application\/ld+json\" class=\"yoast-schema-graph\">{\"@context\":\"https:\\\/\\\/schema.org\",\"@graph\":[{\"@type\":\"Article\",\"@id\":\"https:\\\/\\\/www.ungarn-in-sachsen.de\\\/hu\\\/a-magyar-gyomorirodalom-muveszeti-kulinaris-utazas-magyarorszagon\\\/#article\",\"isPartOf\":{\"@id\":\"https:\\\/\\\/www.ungarn-in-sachsen.de\\\/hu\\\/a-magyar-gyomorirodalom-muveszeti-kulinaris-utazas-magyarorszagon\\\/\"},\"author\":{\"name\":\"Katalin\",\"@id\":\"https:\\\/\\\/www.ungarn-in-sachsen.de\\\/hu\\\/#\\\/schema\\\/person\\\/0134c9680c14e08af40f4fd16196ae98\"},\"headline\":\"A magyar \u201egyomorirodalom\u201d M\u0171v\u00e9szeti kulin\u00e1ris utaz\u00e1s Magyarorsz\u00e1gon\",\"datePublished\":\"2015-10-05T17:21:30+00:00\",\"dateModified\":\"2025-08-23T16:11:54+00:00\",\"mainEntityOfPage\":{\"@id\":\"https:\\\/\\\/www.ungarn-in-sachsen.de\\\/hu\\\/a-magyar-gyomorirodalom-muveszeti-kulinaris-utazas-magyarorszagon\\\/\"},\"wordCount\":493,\"publisher\":{\"@id\":\"https:\\\/\\\/www.ungarn-in-sachsen.de\\\/hu\\\/#organization\"},\"articleSection\":[\"Sz\u00f3Kincs\"],\"inLanguage\":\"hu\"},{\"@type\":\"WebPage\",\"@id\":\"https:\\\/\\\/www.ungarn-in-sachsen.de\\\/hu\\\/a-magyar-gyomorirodalom-muveszeti-kulinaris-utazas-magyarorszagon\\\/\",\"url\":\"https:\\\/\\\/www.ungarn-in-sachsen.de\\\/hu\\\/a-magyar-gyomorirodalom-muveszeti-kulinaris-utazas-magyarorszagon\\\/\",\"name\":\"A magyar \u201egyomorirodalom\u201d M\u0171v\u00e9szeti kulin\u00e1ris utaz\u00e1s Magyarorsz\u00e1gon - Ungarischer Kulturverein Chemnitz und Umgebung e. V.\",\"isPartOf\":{\"@id\":\"https:\\\/\\\/www.ungarn-in-sachsen.de\\\/hu\\\/#website\"},\"datePublished\":\"2015-10-05T17:21:30+00:00\",\"dateModified\":\"2025-08-23T16:11:54+00:00\",\"breadcrumb\":{\"@id\":\"https:\\\/\\\/www.ungarn-in-sachsen.de\\\/hu\\\/a-magyar-gyomorirodalom-muveszeti-kulinaris-utazas-magyarorszagon\\\/#breadcrumb\"},\"inLanguage\":\"hu\",\"potentialAction\":[{\"@type\":\"ReadAction\",\"target\":[\"https:\\\/\\\/www.ungarn-in-sachsen.de\\\/hu\\\/a-magyar-gyomorirodalom-muveszeti-kulinaris-utazas-magyarorszagon\\\/\"]}]},{\"@type\":\"BreadcrumbList\",\"@id\":\"https:\\\/\\\/www.ungarn-in-sachsen.de\\\/hu\\\/a-magyar-gyomorirodalom-muveszeti-kulinaris-utazas-magyarorszagon\\\/#breadcrumb\",\"itemListElement\":[{\"@type\":\"ListItem\",\"position\":1,\"name\":\"Startseite\",\"item\":\"https:\\\/\\\/www.ungarn-in-sachsen.de\\\/hu\\\/\"},{\"@type\":\"ListItem\",\"position\":2,\"name\":\"A magyar \u201egyomorirodalom\u201d M\u0171v\u00e9szeti kulin\u00e1ris utaz\u00e1s Magyarorsz\u00e1gon\"}]},{\"@type\":\"WebSite\",\"@id\":\"https:\\\/\\\/www.ungarn-in-sachsen.de\\\/hu\\\/#website\",\"url\":\"https:\\\/\\\/www.ungarn-in-sachsen.de\\\/hu\\\/\",\"name\":\"Ungarischer Kulturverein Chemnitz und Umgebung e. V.\",\"description\":\"Treffpunkt f\u00fcr Freunde der ungarischen Kultur\",\"publisher\":{\"@id\":\"https:\\\/\\\/www.ungarn-in-sachsen.de\\\/hu\\\/#organization\"},\"potentialAction\":[{\"@type\":\"SearchAction\",\"target\":{\"@type\":\"EntryPoint\",\"urlTemplate\":\"https:\\\/\\\/www.ungarn-in-sachsen.de\\\/hu\\\/?s={search_term_string}\"},\"query-input\":{\"@type\":\"PropertyValueSpecification\",\"valueRequired\":true,\"valueName\":\"search_term_string\"}}],\"inLanguage\":\"hu\"},{\"@type\":\"Organization\",\"@id\":\"https:\\\/\\\/www.ungarn-in-sachsen.de\\\/hu\\\/#organization\",\"name\":\"Ungarischer Kulturverein Chemnitz und Umgebung e.V.\",\"url\":\"https:\\\/\\\/www.ungarn-in-sachsen.de\\\/hu\\\/\",\"logo\":{\"@type\":\"ImageObject\",\"inLanguage\":\"hu\",\"@id\":\"https:\\\/\\\/www.ungarn-in-sachsen.de\\\/hu\\\/#\\\/schema\\\/logo\\\/image\\\/\",\"url\":\"https:\\\/\\\/www.ungarn-in-sachsen.de\\\/wp-content\\\/uploads\\\/2019\\\/04\\\/logo.jpg\",\"contentUrl\":\"https:\\\/\\\/www.ungarn-in-sachsen.de\\\/wp-content\\\/uploads\\\/2019\\\/04\\\/logo.jpg\",\"width\":266,\"height\":170,\"caption\":\"Ungarischer Kulturverein Chemnitz und Umgebung e.V.\"},\"image\":{\"@id\":\"https:\\\/\\\/www.ungarn-in-sachsen.de\\\/hu\\\/#\\\/schema\\\/logo\\\/image\\\/\"},\"sameAs\":[\"https:\\\/\\\/www.facebook.com\\\/Ungarischer-Kulturverein-Chemnitz-und-Umgebung-eV-229421257171599\\\/\"]},{\"@type\":\"Person\",\"@id\":\"https:\\\/\\\/www.ungarn-in-sachsen.de\\\/hu\\\/#\\\/schema\\\/person\\\/0134c9680c14e08af40f4fd16196ae98\",\"name\":\"Katalin\",\"url\":\"https:\\\/\\\/www.ungarn-in-sachsen.de\\\/hu\\\/author\\\/admin\\\/\"}]}<\/script>\n<!-- \/ Yoast SEO plugin. -->","yoast_head_json":{"title":"A magyar \u201egyomorirodalom\u201d M\u0171v\u00e9szeti kulin\u00e1ris utaz\u00e1s Magyarorsz\u00e1gon - Ungarischer Kulturverein Chemnitz und Umgebung e. V.","robots":{"index":"index","follow":"follow","max-snippet":"max-snippet:-1","max-image-preview":"max-image-preview:large","max-video-preview":"max-video-preview:-1"},"canonical":"https:\/\/www.ungarn-in-sachsen.de\/hu\/a-magyar-gyomorirodalom-muveszeti-kulinaris-utazas-magyarorszagon\/","og_locale":"hu_HU","og_type":"article","og_title":"A magyar \u201egyomorirodalom\u201d M\u0171v\u00e9szeti kulin\u00e1ris utaz\u00e1s Magyarorsz\u00e1gon - Ungarischer Kulturverein Chemnitz und Umgebung e. V.","og_description":"2015. okt\u00f3ber 4-\u00e9n 19:00 \u00f3r\u00e1t\u00f3l a Bety\u00e1r Cs\u00e1rda \u00e9tteremben (Beyerstra\u00dfe 28, 09113 Chemnitz) t\u00f6bbfog\u00e1sos magyar specialit\u00e1sokb\u00f3l \u00e1ll\u00f3 men\u00fcvel, magyar irodalmi v\u00e1logat\u00e1ssal, valamint nagy k\u00f6lt\u0151k \u00e9s gondolkod\u00f3k apr\u00f3 anekdot\u00e1ival k\u00e9nyeztett\u00e9k a [&hellip;]","og_url":"https:\/\/www.ungarn-in-sachsen.de\/hu\/a-magyar-gyomorirodalom-muveszeti-kulinaris-utazas-magyarorszagon\/","og_site_name":"Ungarischer Kulturverein Chemnitz und Umgebung e. V.","article_publisher":"https:\/\/www.facebook.com\/Ungarischer-Kulturverein-Chemnitz-und-Umgebung-eV-229421257171599\/","article_published_time":"2015-10-05T17:21:30+00:00","article_modified_time":"2025-08-23T16:11:54+00:00","author":"Katalin","twitter_card":"summary_large_image","twitter_misc":{"Szerz\u0151:":"Katalin","Becs\u00fclt olvas\u00e1si id\u0151":"2 perc"},"schema":{"@context":"https:\/\/schema.org","@graph":[{"@type":"Article","@id":"https:\/\/www.ungarn-in-sachsen.de\/hu\/a-magyar-gyomorirodalom-muveszeti-kulinaris-utazas-magyarorszagon\/#article","isPartOf":{"@id":"https:\/\/www.ungarn-in-sachsen.de\/hu\/a-magyar-gyomorirodalom-muveszeti-kulinaris-utazas-magyarorszagon\/"},"author":{"name":"Katalin","@id":"https:\/\/www.ungarn-in-sachsen.de\/hu\/#\/schema\/person\/0134c9680c14e08af40f4fd16196ae98"},"headline":"A magyar \u201egyomorirodalom\u201d M\u0171v\u00e9szeti kulin\u00e1ris utaz\u00e1s Magyarorsz\u00e1gon","datePublished":"2015-10-05T17:21:30+00:00","dateModified":"2025-08-23T16:11:54+00:00","mainEntityOfPage":{"@id":"https:\/\/www.ungarn-in-sachsen.de\/hu\/a-magyar-gyomorirodalom-muveszeti-kulinaris-utazas-magyarorszagon\/"},"wordCount":493,"publisher":{"@id":"https:\/\/www.ungarn-in-sachsen.de\/hu\/#organization"},"articleSection":["Sz\u00f3Kincs"],"inLanguage":"hu"},{"@type":"WebPage","@id":"https:\/\/www.ungarn-in-sachsen.de\/hu\/a-magyar-gyomorirodalom-muveszeti-kulinaris-utazas-magyarorszagon\/","url":"https:\/\/www.ungarn-in-sachsen.de\/hu\/a-magyar-gyomorirodalom-muveszeti-kulinaris-utazas-magyarorszagon\/","name":"A magyar \u201egyomorirodalom\u201d M\u0171v\u00e9szeti kulin\u00e1ris utaz\u00e1s Magyarorsz\u00e1gon - Ungarischer Kulturverein Chemnitz und Umgebung e. V.","isPartOf":{"@id":"https:\/\/www.ungarn-in-sachsen.de\/hu\/#website"},"datePublished":"2015-10-05T17:21:30+00:00","dateModified":"2025-08-23T16:11:54+00:00","breadcrumb":{"@id":"https:\/\/www.ungarn-in-sachsen.de\/hu\/a-magyar-gyomorirodalom-muveszeti-kulinaris-utazas-magyarorszagon\/#breadcrumb"},"inLanguage":"hu","potentialAction":[{"@type":"ReadAction","target":["https:\/\/www.ungarn-in-sachsen.de\/hu\/a-magyar-gyomorirodalom-muveszeti-kulinaris-utazas-magyarorszagon\/"]}]},{"@type":"BreadcrumbList","@id":"https:\/\/www.ungarn-in-sachsen.de\/hu\/a-magyar-gyomorirodalom-muveszeti-kulinaris-utazas-magyarorszagon\/#breadcrumb","itemListElement":[{"@type":"ListItem","position":1,"name":"Startseite","item":"https:\/\/www.ungarn-in-sachsen.de\/hu\/"},{"@type":"ListItem","position":2,"name":"A magyar \u201egyomorirodalom\u201d M\u0171v\u00e9szeti kulin\u00e1ris utaz\u00e1s Magyarorsz\u00e1gon"}]},{"@type":"WebSite","@id":"https:\/\/www.ungarn-in-sachsen.de\/hu\/#website","url":"https:\/\/www.ungarn-in-sachsen.de\/hu\/","name":"Ungarischer Kulturverein Chemnitz und Umgebung e. V.","description":"Treffpunkt f\u00fcr Freunde der ungarischen Kultur","publisher":{"@id":"https:\/\/www.ungarn-in-sachsen.de\/hu\/#organization"},"potentialAction":[{"@type":"SearchAction","target":{"@type":"EntryPoint","urlTemplate":"https:\/\/www.ungarn-in-sachsen.de\/hu\/?s={search_term_string}"},"query-input":{"@type":"PropertyValueSpecification","valueRequired":true,"valueName":"search_term_string"}}],"inLanguage":"hu"},{"@type":"Organization","@id":"https:\/\/www.ungarn-in-sachsen.de\/hu\/#organization","name":"Ungarischer Kulturverein Chemnitz und Umgebung e.V.","url":"https:\/\/www.ungarn-in-sachsen.de\/hu\/","logo":{"@type":"ImageObject","inLanguage":"hu","@id":"https:\/\/www.ungarn-in-sachsen.de\/hu\/#\/schema\/logo\/image\/","url":"https:\/\/www.ungarn-in-sachsen.de\/wp-content\/uploads\/2019\/04\/logo.jpg","contentUrl":"https:\/\/www.ungarn-in-sachsen.de\/wp-content\/uploads\/2019\/04\/logo.jpg","width":266,"height":170,"caption":"Ungarischer Kulturverein Chemnitz und Umgebung e.V."},"image":{"@id":"https:\/\/www.ungarn-in-sachsen.de\/hu\/#\/schema\/logo\/image\/"},"sameAs":["https:\/\/www.facebook.com\/Ungarischer-Kulturverein-Chemnitz-und-Umgebung-eV-229421257171599\/"]},{"@type":"Person","@id":"https:\/\/www.ungarn-in-sachsen.de\/hu\/#\/schema\/person\/0134c9680c14e08af40f4fd16196ae98","name":"Katalin","url":"https:\/\/www.ungarn-in-sachsen.de\/hu\/author\/admin\/"}]}},"_links":{"self":[{"href":"https:\/\/www.ungarn-in-sachsen.de\/hu\/wp-json\/wp\/v2\/posts\/3091","targetHints":{"allow":["GET"]}}],"collection":[{"href":"https:\/\/www.ungarn-in-sachsen.de\/hu\/wp-json\/wp\/v2\/posts"}],"about":[{"href":"https:\/\/www.ungarn-in-sachsen.de\/hu\/wp-json\/wp\/v2\/types\/post"}],"author":[{"embeddable":true,"href":"https:\/\/www.ungarn-in-sachsen.de\/hu\/wp-json\/wp\/v2\/users\/7"}],"replies":[{"embeddable":true,"href":"https:\/\/www.ungarn-in-sachsen.de\/hu\/wp-json\/wp\/v2\/comments?post=3091"}],"version-history":[{"count":0,"href":"https:\/\/www.ungarn-in-sachsen.de\/hu\/wp-json\/wp\/v2\/posts\/3091\/revisions"}],"wp:attachment":[{"href":"https:\/\/www.ungarn-in-sachsen.de\/hu\/wp-json\/wp\/v2\/media?parent=3091"}],"wp:term":[{"taxonomy":"category","embeddable":true,"href":"https:\/\/www.ungarn-in-sachsen.de\/hu\/wp-json\/wp\/v2\/categories?post=3091"},{"taxonomy":"post_tag","embeddable":true,"href":"https:\/\/www.ungarn-in-sachsen.de\/hu\/wp-json\/wp\/v2\/tags?post=3091"}],"curies":[{"name":"wp","href":"https:\/\/api.w.org\/{rel}","templated":true}]}}