{"id":3115,"date":"2010-10-29T17:08:27","date_gmt":"2010-10-29T15:08:27","guid":{"rendered":"http:\/\/www.ungarn-in-sachsen.de\/ausstellung-vom-plattensee-zum-stausee-bildergalerie\/"},"modified":"2025-08-23T18:48:46","modified_gmt":"2025-08-23T16:48:46","slug":"ausstellung-vom-plattensee-zum-stausee-bildergalerie","status":"publish","type":"post","link":"https:\/\/www.ungarn-in-sachsen.de\/hu\/ausstellung-vom-plattensee-zum-stausee-bildergalerie\/","title":{"rendered":"Ki\u00e1ll\u00edt\u00e1s &#8222;Balatont\u00f3l a Stausee-ig &#8211; Magyar \u00e9letk\u00e9pek Karl-Marx-Stadtban\/Chemnitzben&#8221; c\u00edmmel &#8211; F\u00e9nyk\u00e9palbum"},"content":{"rendered":"<p>[et_pb_section fb_built=&#8221;1&#8243; _builder_version=&#8221;4.16&#8243; global_colors_info=&#8221;{}&#8221;][et_pb_row _builder_version=&#8221;4.16&#8243; background_size=&#8221;initial&#8221; background_position=&#8221;top_left&#8221; background_repeat=&#8221;repeat&#8221; global_colors_info=&#8221;{}&#8221;][et_pb_column type=&#8221;4_4&#8243; _builder_version=&#8221;4.16&#8243; custom_padding=&#8221;|||&#8221; global_colors_info=&#8221;{}&#8221; custom_padding__hover=&#8221;|||&#8221;][et_pb_text _builder_version=&#8221;4.16&#8243; background_size=&#8221;initial&#8221; background_position=&#8221;top_left&#8221; background_repeat=&#8221;repeat&#8221; global_colors_info=&#8221;{}&#8221;]<\/p>\n<h3>A ki\u00e1ll\u00edt\u00e1s el\u0151k\u00e9sz\u00edt\u00e9se<\/h3>\n<p><\/p>\n\n\t\t<style type=\"text\/css\">\n\t\t\t#gallery-1 {\n\t\t\t\tmargin: auto;\n\t\t\t}\n\t\t\t#gallery-1 .gallery-item {\n\t\t\t\tfloat: left;\n\t\t\t\tmargin-top: 10px;\n\t\t\t\ttext-align: center;\n\t\t\t\twidth: 25%;\n\t\t\t}\n\t\t\t#gallery-1 img {\n\t\t\t\tborder: 2px solid #cfcfcf;\n\t\t\t}\n\t\t\t#gallery-1 .gallery-caption {\n\t\t\t\tmargin-left: 0;\n\t\t\t}\n\t\t\t\/* see gallery_shortcode() in wp-includes\/media.php *\/\n\t\t<\/style>\n\t\t<div id='gallery-1' class='gallery galleryid-3115 gallery-columns-4 gallery-size-thumbnail'><dl class='gallery-item'>\n\t\t\t<dt class='gallery-icon landscape'>\n\t\t\t\t<a href='https:\/\/www.ungarn-in-sachsen.de\/wp-content\/uploads\/2010\/10\/kiallitas-020.jpg'><img loading=\"lazy\" decoding=\"async\" width=\"150\" height=\"100\" src=\"https:\/\/www.ungarn-in-sachsen.de\/wp-content\/uploads\/2010\/10\/kiallitas-020-150x100.jpg\" class=\"attachment-thumbnail size-thumbnail\" alt=\"\" srcset=\"https:\/\/www.ungarn-in-sachsen.de\/wp-content\/uploads\/2010\/10\/kiallitas-020-150x100.jpg 150w, https:\/\/www.ungarn-in-sachsen.de\/wp-content\/uploads\/2010\/10\/kiallitas-020-300x201.jpg 300w, https:\/\/www.ungarn-in-sachsen.de\/wp-content\/uploads\/2010\/10\/kiallitas-020-1024x687.jpg 1024w, https:\/\/www.ungarn-in-sachsen.de\/wp-content\/uploads\/2010\/10\/kiallitas-020-700x469.jpg 700w\" sizes=\"(max-width: 150px) 100vw, 150px\" \/><\/a>\n\t\t\t<\/dt><\/dl><dl class='gallery-item'>\n\t\t\t<dt class='gallery-icon portrait'>\n\t\t\t\t<a href='https:\/\/www.ungarn-in-sachsen.de\/wp-content\/uploads\/2010\/10\/kiallitas-016.jpg'><img loading=\"lazy\" decoding=\"async\" width=\"100\" height=\"150\" src=\"https:\/\/www.ungarn-in-sachsen.de\/wp-content\/uploads\/2010\/10\/kiallitas-016-100x150.jpg\" class=\"attachment-thumbnail size-thumbnail\" alt=\"\" srcset=\"https:\/\/www.ungarn-in-sachsen.de\/wp-content\/uploads\/2010\/10\/kiallitas-016-100x150.jpg 100w, https:\/\/www.ungarn-in-sachsen.de\/wp-content\/uploads\/2010\/10\/kiallitas-016-201x300.jpg 201w, https:\/\/www.ungarn-in-sachsen.de\/wp-content\/uploads\/2010\/10\/kiallitas-016-687x1024.jpg 687w, https:\/\/www.ungarn-in-sachsen.de\/wp-content\/uploads\/2010\/10\/kiallitas-016-700x1042.jpg 700w, https:\/\/www.ungarn-in-sachsen.de\/wp-content\/uploads\/2010\/10\/kiallitas-016.jpg 1944w\" sizes=\"(max-width: 100px) 100vw, 100px\" \/><\/a>\n\t\t\t<\/dt><\/dl><dl class='gallery-item'>\n\t\t\t<dt class='gallery-icon portrait'>\n\t\t\t\t<a href='https:\/\/www.ungarn-in-sachsen.de\/wp-content\/uploads\/2010\/10\/kiallitas-015.jpg'><img loading=\"lazy\" decoding=\"async\" width=\"100\" height=\"150\" src=\"https:\/\/www.ungarn-in-sachsen.de\/wp-content\/uploads\/2010\/10\/kiallitas-015-100x150.jpg\" class=\"attachment-thumbnail size-thumbnail\" alt=\"\" srcset=\"https:\/\/www.ungarn-in-sachsen.de\/wp-content\/uploads\/2010\/10\/kiallitas-015-100x150.jpg 100w, https:\/\/www.ungarn-in-sachsen.de\/wp-content\/uploads\/2010\/10\/kiallitas-015-201x300.jpg 201w, https:\/\/www.ungarn-in-sachsen.de\/wp-content\/uploads\/2010\/10\/kiallitas-015-687x1024.jpg 687w, https:\/\/www.ungarn-in-sachsen.de\/wp-content\/uploads\/2010\/10\/kiallitas-015-700x1042.jpg 700w, https:\/\/www.ungarn-in-sachsen.de\/wp-content\/uploads\/2010\/10\/kiallitas-015.jpg 1944w\" sizes=\"(max-width: 100px) 100vw, 100px\" \/><\/a>\n\t\t\t<\/dt><\/dl><dl class='gallery-item'>\n\t\t\t<dt class='gallery-icon portrait'>\n\t\t\t\t<a href='https:\/\/www.ungarn-in-sachsen.de\/wp-content\/uploads\/2010\/10\/kiallitas-014.jpg'><img loading=\"lazy\" decoding=\"async\" width=\"100\" height=\"150\" src=\"https:\/\/www.ungarn-in-sachsen.de\/wp-content\/uploads\/2010\/10\/kiallitas-014-100x150.jpg\" class=\"attachment-thumbnail size-thumbnail\" alt=\"\" srcset=\"https:\/\/www.ungarn-in-sachsen.de\/wp-content\/uploads\/2010\/10\/kiallitas-014-100x150.jpg 100w, https:\/\/www.ungarn-in-sachsen.de\/wp-content\/uploads\/2010\/10\/kiallitas-014-201x300.jpg 201w, https:\/\/www.ungarn-in-sachsen.de\/wp-content\/uploads\/2010\/10\/kiallitas-014-687x1024.jpg 687w, https:\/\/www.ungarn-in-sachsen.de\/wp-content\/uploads\/2010\/10\/kiallitas-014-700x1042.jpg 700w, https:\/\/www.ungarn-in-sachsen.de\/wp-content\/uploads\/2010\/10\/kiallitas-014.jpg 1944w\" sizes=\"(max-width: 100px) 100vw, 100px\" \/><\/a>\n\t\t\t<\/dt><\/dl><br style=\"clear: both\" \/><dl class='gallery-item'>\n\t\t\t<dt class='gallery-icon portrait'>\n\t\t\t\t<a href='https:\/\/www.ungarn-in-sachsen.de\/wp-content\/uploads\/2010\/10\/kiallitas-010.jpg'><img loading=\"lazy\" decoding=\"async\" width=\"100\" height=\"150\" src=\"https:\/\/www.ungarn-in-sachsen.de\/wp-content\/uploads\/2010\/10\/kiallitas-010-100x150.jpg\" class=\"attachment-thumbnail size-thumbnail\" alt=\"\" srcset=\"https:\/\/www.ungarn-in-sachsen.de\/wp-content\/uploads\/2010\/10\/kiallitas-010-100x150.jpg 100w, https:\/\/www.ungarn-in-sachsen.de\/wp-content\/uploads\/2010\/10\/kiallitas-010-201x300.jpg 201w, https:\/\/www.ungarn-in-sachsen.de\/wp-content\/uploads\/2010\/10\/kiallitas-010-687x1024.jpg 687w, https:\/\/www.ungarn-in-sachsen.de\/wp-content\/uploads\/2010\/10\/kiallitas-010-700x1042.jpg 700w, https:\/\/www.ungarn-in-sachsen.de\/wp-content\/uploads\/2010\/10\/kiallitas-010.jpg 1944w\" sizes=\"(max-width: 100px) 100vw, 100px\" \/><\/a>\n\t\t\t<\/dt><\/dl><dl class='gallery-item'>\n\t\t\t<dt class='gallery-icon portrait'>\n\t\t\t\t<a href='https:\/\/www.ungarn-in-sachsen.de\/wp-content\/uploads\/2010\/10\/kiallitas-008.jpg'><img loading=\"lazy\" decoding=\"async\" width=\"100\" height=\"150\" src=\"https:\/\/www.ungarn-in-sachsen.de\/wp-content\/uploads\/2010\/10\/kiallitas-008-100x150.jpg\" class=\"attachment-thumbnail size-thumbnail\" alt=\"\" srcset=\"https:\/\/www.ungarn-in-sachsen.de\/wp-content\/uploads\/2010\/10\/kiallitas-008-100x150.jpg 100w, https:\/\/www.ungarn-in-sachsen.de\/wp-content\/uploads\/2010\/10\/kiallitas-008-201x300.jpg 201w, https:\/\/www.ungarn-in-sachsen.de\/wp-content\/uploads\/2010\/10\/kiallitas-008-687x1024.jpg 687w, https:\/\/www.ungarn-in-sachsen.de\/wp-content\/uploads\/2010\/10\/kiallitas-008-700x1042.jpg 700w, https:\/\/www.ungarn-in-sachsen.de\/wp-content\/uploads\/2010\/10\/kiallitas-008.jpg 1944w\" sizes=\"(max-width: 100px) 100vw, 100px\" \/><\/a>\n\t\t\t<\/dt><\/dl><dl class='gallery-item'>\n\t\t\t<dt class='gallery-icon portrait'>\n\t\t\t\t<a href='https:\/\/www.ungarn-in-sachsen.de\/wp-content\/uploads\/2010\/10\/kiallitas-006.jpg'><img loading=\"lazy\" decoding=\"async\" width=\"100\" height=\"150\" src=\"https:\/\/www.ungarn-in-sachsen.de\/wp-content\/uploads\/2010\/10\/kiallitas-006-100x150.jpg\" class=\"attachment-thumbnail size-thumbnail\" alt=\"\" srcset=\"https:\/\/www.ungarn-in-sachsen.de\/wp-content\/uploads\/2010\/10\/kiallitas-006-100x150.jpg 100w, https:\/\/www.ungarn-in-sachsen.de\/wp-content\/uploads\/2010\/10\/kiallitas-006-201x300.jpg 201w, https:\/\/www.ungarn-in-sachsen.de\/wp-content\/uploads\/2010\/10\/kiallitas-006-687x1024.jpg 687w, https:\/\/www.ungarn-in-sachsen.de\/wp-content\/uploads\/2010\/10\/kiallitas-006-700x1042.jpg 700w, https:\/\/www.ungarn-in-sachsen.de\/wp-content\/uploads\/2010\/10\/kiallitas-006.jpg 1944w\" sizes=\"(max-width: 100px) 100vw, 100px\" \/><\/a>\n\t\t\t<\/dt><\/dl><dl class='gallery-item'>\n\t\t\t<dt class='gallery-icon portrait'>\n\t\t\t\t<a href='https:\/\/www.ungarn-in-sachsen.de\/wp-content\/uploads\/2010\/10\/040920101765.jpg'><img loading=\"lazy\" decoding=\"async\" width=\"112\" height=\"150\" src=\"https:\/\/www.ungarn-in-sachsen.de\/wp-content\/uploads\/2010\/10\/040920101765-112x150.jpg\" class=\"attachment-thumbnail size-thumbnail\" alt=\"\" srcset=\"https:\/\/www.ungarn-in-sachsen.de\/wp-content\/uploads\/2010\/10\/040920101765-112x150.jpg 112w, https:\/\/www.ungarn-in-sachsen.de\/wp-content\/uploads\/2010\/10\/040920101765-225x300.jpg 225w, https:\/\/www.ungarn-in-sachsen.de\/wp-content\/uploads\/2010\/10\/040920101765-768x1024.jpg 768w, https:\/\/www.ungarn-in-sachsen.de\/wp-content\/uploads\/2010\/10\/040920101765-700x933.jpg 700w, https:\/\/www.ungarn-in-sachsen.de\/wp-content\/uploads\/2010\/10\/040920101765.jpg 1944w\" sizes=\"(max-width: 112px) 100vw, 112px\" \/><\/a>\n\t\t\t<\/dt><\/dl><br style=\"clear: both\" \/><dl class='gallery-item'>\n\t\t\t<dt class='gallery-icon landscape'>\n\t\t\t\t<a href='https:\/\/www.ungarn-in-sachsen.de\/wp-content\/uploads\/2010\/10\/040920101764.jpg'><img loading=\"lazy\" decoding=\"async\" width=\"150\" height=\"112\" src=\"https:\/\/www.ungarn-in-sachsen.de\/wp-content\/uploads\/2010\/10\/040920101764-150x112.jpg\" class=\"attachment-thumbnail size-thumbnail\" alt=\"\" srcset=\"https:\/\/www.ungarn-in-sachsen.de\/wp-content\/uploads\/2010\/10\/040920101764-150x112.jpg 150w, https:\/\/www.ungarn-in-sachsen.de\/wp-content\/uploads\/2010\/10\/040920101764-300x225.jpg 300w, https:\/\/www.ungarn-in-sachsen.de\/wp-content\/uploads\/2010\/10\/040920101764-1024x768.jpg 1024w, https:\/\/www.ungarn-in-sachsen.de\/wp-content\/uploads\/2010\/10\/040920101764-700x525.jpg 700w\" sizes=\"(max-width: 150px) 100vw, 150px\" \/><\/a>\n\t\t\t<\/dt><\/dl><dl class='gallery-item'>\n\t\t\t<dt class='gallery-icon landscape'>\n\t\t\t\t<a href='https:\/\/www.ungarn-in-sachsen.de\/wp-content\/uploads\/2010\/10\/040920101763.jpg'><img loading=\"lazy\" decoding=\"async\" width=\"150\" height=\"112\" src=\"https:\/\/www.ungarn-in-sachsen.de\/wp-content\/uploads\/2010\/10\/040920101763-150x112.jpg\" class=\"attachment-thumbnail size-thumbnail\" alt=\"\" srcset=\"https:\/\/www.ungarn-in-sachsen.de\/wp-content\/uploads\/2010\/10\/040920101763-150x112.jpg 150w, https:\/\/www.ungarn-in-sachsen.de\/wp-content\/uploads\/2010\/10\/040920101763-300x225.jpg 300w, https:\/\/www.ungarn-in-sachsen.de\/wp-content\/uploads\/2010\/10\/040920101763-1024x768.jpg 1024w, https:\/\/www.ungarn-in-sachsen.de\/wp-content\/uploads\/2010\/10\/040920101763-700x525.jpg 700w\" sizes=\"(max-width: 150px) 100vw, 150px\" \/><\/a>\n\t\t\t<\/dt><\/dl><dl class='gallery-item'>\n\t\t\t<dt class='gallery-icon landscape'>\n\t\t\t\t<a href='https:\/\/www.ungarn-in-sachsen.de\/wp-content\/uploads\/2010\/10\/040920101761.jpg'><img loading=\"lazy\" decoding=\"async\" width=\"150\" height=\"112\" src=\"https:\/\/www.ungarn-in-sachsen.de\/wp-content\/uploads\/2010\/10\/040920101761-150x112.jpg\" class=\"attachment-thumbnail size-thumbnail\" alt=\"\" srcset=\"https:\/\/www.ungarn-in-sachsen.de\/wp-content\/uploads\/2010\/10\/040920101761-150x112.jpg 150w, https:\/\/www.ungarn-in-sachsen.de\/wp-content\/uploads\/2010\/10\/040920101761-300x225.jpg 300w, https:\/\/www.ungarn-in-sachsen.de\/wp-content\/uploads\/2010\/10\/040920101761-1024x768.jpg 1024w, https:\/\/www.ungarn-in-sachsen.de\/wp-content\/uploads\/2010\/10\/040920101761-700x525.jpg 700w\" sizes=\"(max-width: 150px) 100vw, 150px\" \/><\/a>\n\t\t\t<\/dt><\/dl><dl class='gallery-item'>\n\t\t\t<dt class='gallery-icon landscape'>\n\t\t\t\t<a href='https:\/\/www.ungarn-in-sachsen.de\/wp-content\/uploads\/2010\/10\/030920101752.jpg'><img loading=\"lazy\" decoding=\"async\" width=\"150\" height=\"112\" src=\"https:\/\/www.ungarn-in-sachsen.de\/wp-content\/uploads\/2010\/10\/030920101752-150x112.jpg\" class=\"attachment-thumbnail size-thumbnail\" alt=\"\" srcset=\"https:\/\/www.ungarn-in-sachsen.de\/wp-content\/uploads\/2010\/10\/030920101752-150x112.jpg 150w, https:\/\/www.ungarn-in-sachsen.de\/wp-content\/uploads\/2010\/10\/030920101752-300x225.jpg 300w, https:\/\/www.ungarn-in-sachsen.de\/wp-content\/uploads\/2010\/10\/030920101752-1024x768.jpg 1024w, https:\/\/www.ungarn-in-sachsen.de\/wp-content\/uploads\/2010\/10\/030920101752-700x525.jpg 700w\" sizes=\"(max-width: 150px) 100vw, 150px\" \/><\/a>\n\t\t\t<\/dt><\/dl><br style=\"clear: both\" \/><dl class='gallery-item'>\n\t\t\t<dt class='gallery-icon landscape'>\n\t\t\t\t<a href='https:\/\/www.ungarn-in-sachsen.de\/wp-content\/uploads\/2010\/10\/24092010008.jpg'><img loading=\"lazy\" decoding=\"async\" width=\"150\" height=\"112\" src=\"https:\/\/www.ungarn-in-sachsen.de\/wp-content\/uploads\/2010\/10\/24092010008-150x112.jpg\" class=\"attachment-thumbnail size-thumbnail\" alt=\"\" srcset=\"https:\/\/www.ungarn-in-sachsen.de\/wp-content\/uploads\/2010\/10\/24092010008-150x112.jpg 150w, https:\/\/www.ungarn-in-sachsen.de\/wp-content\/uploads\/2010\/10\/24092010008-300x225.jpg 300w, https:\/\/www.ungarn-in-sachsen.de\/wp-content\/uploads\/2010\/10\/24092010008-1024x768.jpg 1024w, https:\/\/www.ungarn-in-sachsen.de\/wp-content\/uploads\/2010\/10\/24092010008-700x525.jpg 700w\" sizes=\"(max-width: 150px) 100vw, 150px\" \/><\/a>\n\t\t\t<\/dt><\/dl>\n\t\t\t<br style='clear: both' \/>\n\t\t<\/div>\n\n<p><\/p>\n<h3>K\u00e9pek a ki\u00e1ll\u00edt\u00e1s megnyit\u00f3j\u00e1r\u00f3l<\/h3>\n<p><\/p>\n\n\t\t<style type=\"text\/css\">\n\t\t\t#gallery-2 {\n\t\t\t\tmargin: auto;\n\t\t\t}\n\t\t\t#gallery-2 .gallery-item {\n\t\t\t\tfloat: left;\n\t\t\t\tmargin-top: 10px;\n\t\t\t\ttext-align: center;\n\t\t\t\twidth: 25%;\n\t\t\t}\n\t\t\t#gallery-2 img {\n\t\t\t\tborder: 2px solid #cfcfcf;\n\t\t\t}\n\t\t\t#gallery-2 .gallery-caption {\n\t\t\t\tmargin-left: 0;\n\t\t\t}\n\t\t\t\/* see gallery_shortcode() in wp-includes\/media.php *\/\n\t\t<\/style>\n\t\t<div id='gallery-2' class='gallery galleryid-3115 gallery-columns-4 gallery-size-thumbnail'><dl class='gallery-item'>\n\t\t\t<dt class='gallery-icon landscape'>\n\t\t\t\t<a href='https:\/\/www.ungarn-in-sachsen.de\/wp-content\/uploads\/2010\/10\/Ausstellungser\u00f6ffnung5Sept2010-027.jpg'><img loading=\"lazy\" decoding=\"async\" width=\"150\" height=\"100\" src=\"https:\/\/www.ungarn-in-sachsen.de\/wp-content\/uploads\/2010\/10\/Ausstellungser\u00f6ffnung5Sept2010-027-150x100.jpg\" class=\"attachment-thumbnail size-thumbnail\" alt=\"\" srcset=\"https:\/\/www.ungarn-in-sachsen.de\/wp-content\/uploads\/2010\/10\/Ausstellungser\u00f6ffnung5Sept2010-027-150x100.jpg 150w, https:\/\/www.ungarn-in-sachsen.de\/wp-content\/uploads\/2010\/10\/Ausstellungser\u00f6ffnung5Sept2010-027-300x201.jpg 300w, https:\/\/www.ungarn-in-sachsen.de\/wp-content\/uploads\/2010\/10\/Ausstellungser\u00f6ffnung5Sept2010-027-1024x687.jpg 1024w, https:\/\/www.ungarn-in-sachsen.de\/wp-content\/uploads\/2010\/10\/Ausstellungser\u00f6ffnung5Sept2010-027-700x469.jpg 700w\" sizes=\"(max-width: 150px) 100vw, 150px\" \/><\/a>\n\t\t\t<\/dt><\/dl><dl class='gallery-item'>\n\t\t\t<dt class='gallery-icon landscape'>\n\t\t\t\t<a href='https:\/\/www.ungarn-in-sachsen.de\/wp-content\/uploads\/2010\/10\/Ausstellungser\u00f6ffnung5Sept2010-024.jpg'><img loading=\"lazy\" decoding=\"async\" width=\"150\" height=\"100\" src=\"https:\/\/www.ungarn-in-sachsen.de\/wp-content\/uploads\/2010\/10\/Ausstellungser\u00f6ffnung5Sept2010-024-150x100.jpg\" class=\"attachment-thumbnail size-thumbnail\" alt=\"\" srcset=\"https:\/\/www.ungarn-in-sachsen.de\/wp-content\/uploads\/2010\/10\/Ausstellungser\u00f6ffnung5Sept2010-024-150x100.jpg 150w, https:\/\/www.ungarn-in-sachsen.de\/wp-content\/uploads\/2010\/10\/Ausstellungser\u00f6ffnung5Sept2010-024-300x201.jpg 300w, https:\/\/www.ungarn-in-sachsen.de\/wp-content\/uploads\/2010\/10\/Ausstellungser\u00f6ffnung5Sept2010-024-1024x687.jpg 1024w, https:\/\/www.ungarn-in-sachsen.de\/wp-content\/uploads\/2010\/10\/Ausstellungser\u00f6ffnung5Sept2010-024-700x469.jpg 700w\" sizes=\"(max-width: 150px) 100vw, 150px\" \/><\/a>\n\t\t\t<\/dt><\/dl><dl class='gallery-item'>\n\t\t\t<dt class='gallery-icon landscape'>\n\t\t\t\t<a href='https:\/\/www.ungarn-in-sachsen.de\/wp-content\/uploads\/2010\/10\/Ausstellungser\u00f6ffnung5Sept2010-018.jpg'><img loading=\"lazy\" decoding=\"async\" width=\"150\" height=\"100\" src=\"https:\/\/www.ungarn-in-sachsen.de\/wp-content\/uploads\/2010\/10\/Ausstellungser\u00f6ffnung5Sept2010-018-150x100.jpg\" class=\"attachment-thumbnail size-thumbnail\" alt=\"\" srcset=\"https:\/\/www.ungarn-in-sachsen.de\/wp-content\/uploads\/2010\/10\/Ausstellungser\u00f6ffnung5Sept2010-018-150x100.jpg 150w, https:\/\/www.ungarn-in-sachsen.de\/wp-content\/uploads\/2010\/10\/Ausstellungser\u00f6ffnung5Sept2010-018-300x201.jpg 300w, https:\/\/www.ungarn-in-sachsen.de\/wp-content\/uploads\/2010\/10\/Ausstellungser\u00f6ffnung5Sept2010-018-1024x687.jpg 1024w, https:\/\/www.ungarn-in-sachsen.de\/wp-content\/uploads\/2010\/10\/Ausstellungser\u00f6ffnung5Sept2010-018-700x469.jpg 700w\" sizes=\"(max-width: 150px) 100vw, 150px\" \/><\/a>\n\t\t\t<\/dt><\/dl><dl class='gallery-item'>\n\t\t\t<dt class='gallery-icon portrait'>\n\t\t\t\t<a href='https:\/\/www.ungarn-in-sachsen.de\/wp-content\/uploads\/2010\/10\/Ausstellungser\u00f6ffnung5Sept2010-011.jpg'><img loading=\"lazy\" decoding=\"async\" width=\"100\" height=\"150\" src=\"https:\/\/www.ungarn-in-sachsen.de\/wp-content\/uploads\/2010\/10\/Ausstellungser\u00f6ffnung5Sept2010-011-100x150.jpg\" class=\"attachment-thumbnail size-thumbnail\" alt=\"\" srcset=\"https:\/\/www.ungarn-in-sachsen.de\/wp-content\/uploads\/2010\/10\/Ausstellungser\u00f6ffnung5Sept2010-011-100x150.jpg 100w, https:\/\/www.ungarn-in-sachsen.de\/wp-content\/uploads\/2010\/10\/Ausstellungser\u00f6ffnung5Sept2010-011-201x300.jpg 201w, https:\/\/www.ungarn-in-sachsen.de\/wp-content\/uploads\/2010\/10\/Ausstellungser\u00f6ffnung5Sept2010-011-687x1024.jpg 687w, https:\/\/www.ungarn-in-sachsen.de\/wp-content\/uploads\/2010\/10\/Ausstellungser\u00f6ffnung5Sept2010-011-700x1042.jpg 700w, https:\/\/www.ungarn-in-sachsen.de\/wp-content\/uploads\/2010\/10\/Ausstellungser\u00f6ffnung5Sept2010-011.jpg 1944w\" sizes=\"(max-width: 100px) 100vw, 100px\" \/><\/a>\n\t\t\t<\/dt><\/dl><br style=\"clear: both\" \/><dl class='gallery-item'>\n\t\t\t<dt class='gallery-icon portrait'>\n\t\t\t\t<a href='https:\/\/www.ungarn-in-sachsen.de\/wp-content\/uploads\/2010\/10\/Ausstellungser\u00f6ffnung5Sept2010-004.jpg'><img loading=\"lazy\" decoding=\"async\" width=\"100\" height=\"150\" src=\"https:\/\/www.ungarn-in-sachsen.de\/wp-content\/uploads\/2010\/10\/Ausstellungser\u00f6ffnung5Sept2010-004-100x150.jpg\" class=\"attachment-thumbnail size-thumbnail\" alt=\"\" srcset=\"https:\/\/www.ungarn-in-sachsen.de\/wp-content\/uploads\/2010\/10\/Ausstellungser\u00f6ffnung5Sept2010-004-100x150.jpg 100w, https:\/\/www.ungarn-in-sachsen.de\/wp-content\/uploads\/2010\/10\/Ausstellungser\u00f6ffnung5Sept2010-004-201x300.jpg 201w, https:\/\/www.ungarn-in-sachsen.de\/wp-content\/uploads\/2010\/10\/Ausstellungser\u00f6ffnung5Sept2010-004-687x1024.jpg 687w, https:\/\/www.ungarn-in-sachsen.de\/wp-content\/uploads\/2010\/10\/Ausstellungser\u00f6ffnung5Sept2010-004-700x1042.jpg 700w, https:\/\/www.ungarn-in-sachsen.de\/wp-content\/uploads\/2010\/10\/Ausstellungser\u00f6ffnung5Sept2010-004.jpg 1944w\" sizes=\"(max-width: 100px) 100vw, 100px\" \/><\/a>\n\t\t\t<\/dt><\/dl><dl class='gallery-item'>\n\t\t\t<dt class='gallery-icon portrait'>\n\t\t\t\t<a href='https:\/\/www.ungarn-in-sachsen.de\/wp-content\/uploads\/2010\/10\/Ausstellungser\u00f6ffnung5Sept2010-003.jpg'><img loading=\"lazy\" decoding=\"async\" width=\"100\" height=\"150\" src=\"https:\/\/www.ungarn-in-sachsen.de\/wp-content\/uploads\/2010\/10\/Ausstellungser\u00f6ffnung5Sept2010-003-100x150.jpg\" class=\"attachment-thumbnail size-thumbnail\" alt=\"\" srcset=\"https:\/\/www.ungarn-in-sachsen.de\/wp-content\/uploads\/2010\/10\/Ausstellungser\u00f6ffnung5Sept2010-003-100x150.jpg 100w, https:\/\/www.ungarn-in-sachsen.de\/wp-content\/uploads\/2010\/10\/Ausstellungser\u00f6ffnung5Sept2010-003-201x300.jpg 201w, https:\/\/www.ungarn-in-sachsen.de\/wp-content\/uploads\/2010\/10\/Ausstellungser\u00f6ffnung5Sept2010-003-687x1024.jpg 687w, https:\/\/www.ungarn-in-sachsen.de\/wp-content\/uploads\/2010\/10\/Ausstellungser\u00f6ffnung5Sept2010-003-700x1042.jpg 700w, https:\/\/www.ungarn-in-sachsen.de\/wp-content\/uploads\/2010\/10\/Ausstellungser\u00f6ffnung5Sept2010-003.jpg 1944w\" sizes=\"(max-width: 100px) 100vw, 100px\" \/><\/a>\n\t\t\t<\/dt><\/dl><dl class='gallery-item'>\n\t\t\t<dt class='gallery-icon portrait'>\n\t\t\t\t<a href='https:\/\/www.ungarn-in-sachsen.de\/wp-content\/uploads\/2010\/10\/6478.jpg'><img loading=\"lazy\" decoding=\"async\" width=\"100\" height=\"150\" src=\"https:\/\/www.ungarn-in-sachsen.de\/wp-content\/uploads\/2010\/10\/6478-100x150.jpg\" class=\"attachment-thumbnail size-thumbnail\" alt=\"\" srcset=\"https:\/\/www.ungarn-in-sachsen.de\/wp-content\/uploads\/2010\/10\/6478-100x150.jpg 100w, https:\/\/www.ungarn-in-sachsen.de\/wp-content\/uploads\/2010\/10\/6478-200x300.jpg 200w, https:\/\/www.ungarn-in-sachsen.de\/wp-content\/uploads\/2010\/10\/6478.jpg 400w\" sizes=\"(max-width: 100px) 100vw, 100px\" \/><\/a>\n\t\t\t<\/dt><\/dl><dl class='gallery-item'>\n\t\t\t<dt class='gallery-icon landscape'>\n\t\t\t\t<a href='https:\/\/www.ungarn-in-sachsen.de\/wp-content\/uploads\/2010\/10\/6477.jpg'><img loading=\"lazy\" decoding=\"async\" width=\"150\" height=\"99\" src=\"https:\/\/www.ungarn-in-sachsen.de\/wp-content\/uploads\/2010\/10\/6477-150x99.jpg\" class=\"attachment-thumbnail size-thumbnail\" alt=\"\" srcset=\"https:\/\/www.ungarn-in-sachsen.de\/wp-content\/uploads\/2010\/10\/6477-150x99.jpg 150w, https:\/\/www.ungarn-in-sachsen.de\/wp-content\/uploads\/2010\/10\/6477-300x199.jpg 300w, https:\/\/www.ungarn-in-sachsen.de\/wp-content\/uploads\/2010\/10\/6477-700x466.jpg 700w, https:\/\/www.ungarn-in-sachsen.de\/wp-content\/uploads\/2010\/10\/6477.jpg 800w\" sizes=\"(max-width: 150px) 100vw, 150px\" \/><\/a>\n\t\t\t<\/dt><\/dl><br style=\"clear: both\" \/><dl class='gallery-item'>\n\t\t\t<dt class='gallery-icon landscape'>\n\t\t\t\t<a href='https:\/\/www.ungarn-in-sachsen.de\/wp-content\/uploads\/2010\/10\/6476.jpg'><img loading=\"lazy\" decoding=\"async\" width=\"150\" height=\"99\" src=\"https:\/\/www.ungarn-in-sachsen.de\/wp-content\/uploads\/2010\/10\/6476-150x99.jpg\" class=\"attachment-thumbnail size-thumbnail\" alt=\"\" srcset=\"https:\/\/www.ungarn-in-sachsen.de\/wp-content\/uploads\/2010\/10\/6476-150x99.jpg 150w, https:\/\/www.ungarn-in-sachsen.de\/wp-content\/uploads\/2010\/10\/6476-300x199.jpg 300w, https:\/\/www.ungarn-in-sachsen.de\/wp-content\/uploads\/2010\/10\/6476-700x466.jpg 700w, https:\/\/www.ungarn-in-sachsen.de\/wp-content\/uploads\/2010\/10\/6476.jpg 800w\" sizes=\"(max-width: 150px) 100vw, 150px\" \/><\/a>\n\t\t\t<\/dt><\/dl><dl class='gallery-item'>\n\t\t\t<dt class='gallery-icon landscape'>\n\t\t\t\t<a href='https:\/\/www.ungarn-in-sachsen.de\/wp-content\/uploads\/2010\/10\/6474.jpg'><img loading=\"lazy\" decoding=\"async\" width=\"150\" height=\"99\" src=\"https:\/\/www.ungarn-in-sachsen.de\/wp-content\/uploads\/2010\/10\/6474-150x99.jpg\" class=\"attachment-thumbnail size-thumbnail\" alt=\"\" srcset=\"https:\/\/www.ungarn-in-sachsen.de\/wp-content\/uploads\/2010\/10\/6474-150x99.jpg 150w, https:\/\/www.ungarn-in-sachsen.de\/wp-content\/uploads\/2010\/10\/6474-300x199.jpg 300w, https:\/\/www.ungarn-in-sachsen.de\/wp-content\/uploads\/2010\/10\/6474-700x466.jpg 700w, https:\/\/www.ungarn-in-sachsen.de\/wp-content\/uploads\/2010\/10\/6474.jpg 800w\" sizes=\"(max-width: 150px) 100vw, 150px\" \/><\/a>\n\t\t\t<\/dt><\/dl><dl class='gallery-item'>\n\t\t\t<dt class='gallery-icon landscape'>\n\t\t\t\t<a href='https:\/\/www.ungarn-in-sachsen.de\/wp-content\/uploads\/2010\/10\/6471.jpg'><img loading=\"lazy\" decoding=\"async\" width=\"150\" height=\"99\" src=\"https:\/\/www.ungarn-in-sachsen.de\/wp-content\/uploads\/2010\/10\/6471-150x99.jpg\" class=\"attachment-thumbnail size-thumbnail\" alt=\"\" srcset=\"https:\/\/www.ungarn-in-sachsen.de\/wp-content\/uploads\/2010\/10\/6471-150x99.jpg 150w, https:\/\/www.ungarn-in-sachsen.de\/wp-content\/uploads\/2010\/10\/6471-300x199.jpg 300w, https:\/\/www.ungarn-in-sachsen.de\/wp-content\/uploads\/2010\/10\/6471-700x466.jpg 700w, https:\/\/www.ungarn-in-sachsen.de\/wp-content\/uploads\/2010\/10\/6471.jpg 800w\" sizes=\"(max-width: 150px) 100vw, 150px\" \/><\/a>\n\t\t\t<\/dt><\/dl><dl class='gallery-item'>\n\t\t\t<dt class='gallery-icon landscape'>\n\t\t\t\t<a href='https:\/\/www.ungarn-in-sachsen.de\/wp-content\/uploads\/2010\/10\/6470.jpg'><img loading=\"lazy\" decoding=\"async\" width=\"150\" height=\"99\" src=\"https:\/\/www.ungarn-in-sachsen.de\/wp-content\/uploads\/2010\/10\/6470-150x99.jpg\" class=\"attachment-thumbnail size-thumbnail\" alt=\"\" srcset=\"https:\/\/www.ungarn-in-sachsen.de\/wp-content\/uploads\/2010\/10\/6470-150x99.jpg 150w, https:\/\/www.ungarn-in-sachsen.de\/wp-content\/uploads\/2010\/10\/6470-300x199.jpg 300w, https:\/\/www.ungarn-in-sachsen.de\/wp-content\/uploads\/2010\/10\/6470-700x466.jpg 700w, https:\/\/www.ungarn-in-sachsen.de\/wp-content\/uploads\/2010\/10\/6470.jpg 800w\" sizes=\"(max-width: 150px) 100vw, 150px\" \/><\/a>\n\t\t\t<\/dt><\/dl><br style=\"clear: both\" \/><dl class='gallery-item'>\n\t\t\t<dt class='gallery-icon landscape'>\n\t\t\t\t<a href='https:\/\/www.ungarn-in-sachsen.de\/wp-content\/uploads\/2010\/10\/6468.jpg'><img loading=\"lazy\" decoding=\"async\" width=\"150\" height=\"99\" src=\"https:\/\/www.ungarn-in-sachsen.de\/wp-content\/uploads\/2010\/10\/6468-150x99.jpg\" class=\"attachment-thumbnail size-thumbnail\" alt=\"\" srcset=\"https:\/\/www.ungarn-in-sachsen.de\/wp-content\/uploads\/2010\/10\/6468-150x99.jpg 150w, https:\/\/www.ungarn-in-sachsen.de\/wp-content\/uploads\/2010\/10\/6468-300x199.jpg 300w, https:\/\/www.ungarn-in-sachsen.de\/wp-content\/uploads\/2010\/10\/6468-700x466.jpg 700w, https:\/\/www.ungarn-in-sachsen.de\/wp-content\/uploads\/2010\/10\/6468.jpg 800w\" sizes=\"(max-width: 150px) 100vw, 150px\" \/><\/a>\n\t\t\t<\/dt><\/dl><dl class='gallery-item'>\n\t\t\t<dt class='gallery-icon landscape'>\n\t\t\t\t<a href='https:\/\/www.ungarn-in-sachsen.de\/wp-content\/uploads\/2010\/10\/6465.jpg'><img loading=\"lazy\" decoding=\"async\" width=\"150\" height=\"99\" src=\"https:\/\/www.ungarn-in-sachsen.de\/wp-content\/uploads\/2010\/10\/6465-150x99.jpg\" class=\"attachment-thumbnail size-thumbnail\" alt=\"\" srcset=\"https:\/\/www.ungarn-in-sachsen.de\/wp-content\/uploads\/2010\/10\/6465-150x99.jpg 150w, https:\/\/www.ungarn-in-sachsen.de\/wp-content\/uploads\/2010\/10\/6465-300x199.jpg 300w, https:\/\/www.ungarn-in-sachsen.de\/wp-content\/uploads\/2010\/10\/6465-700x466.jpg 700w, https:\/\/www.ungarn-in-sachsen.de\/wp-content\/uploads\/2010\/10\/6465.jpg 800w\" sizes=\"(max-width: 150px) 100vw, 150px\" \/><\/a>\n\t\t\t<\/dt><\/dl><dl class='gallery-item'>\n\t\t\t<dt class='gallery-icon landscape'>\n\t\t\t\t<a href='https:\/\/www.ungarn-in-sachsen.de\/wp-content\/uploads\/2010\/10\/6461.jpg'><img loading=\"lazy\" decoding=\"async\" width=\"150\" height=\"123\" src=\"https:\/\/www.ungarn-in-sachsen.de\/wp-content\/uploads\/2010\/10\/6461-150x123.jpg\" class=\"attachment-thumbnail size-thumbnail\" alt=\"\" srcset=\"https:\/\/www.ungarn-in-sachsen.de\/wp-content\/uploads\/2010\/10\/6461-150x123.jpg 150w, https:\/\/www.ungarn-in-sachsen.de\/wp-content\/uploads\/2010\/10\/6461-300x247.jpg 300w, https:\/\/www.ungarn-in-sachsen.de\/wp-content\/uploads\/2010\/10\/6461-700x578.jpg 700w, https:\/\/www.ungarn-in-sachsen.de\/wp-content\/uploads\/2010\/10\/6461.jpg 726w\" sizes=\"(max-width: 150px) 100vw, 150px\" \/><\/a>\n\t\t\t<\/dt><\/dl><dl class='gallery-item'>\n\t\t\t<dt class='gallery-icon landscape'>\n\t\t\t\t<a href='https:\/\/www.ungarn-in-sachsen.de\/wp-content\/uploads\/2010\/10\/6459.jpg'><img loading=\"lazy\" decoding=\"async\" width=\"150\" height=\"99\" src=\"https:\/\/www.ungarn-in-sachsen.de\/wp-content\/uploads\/2010\/10\/6459-150x99.jpg\" class=\"attachment-thumbnail size-thumbnail\" alt=\"\" srcset=\"https:\/\/www.ungarn-in-sachsen.de\/wp-content\/uploads\/2010\/10\/6459-150x99.jpg 150w, https:\/\/www.ungarn-in-sachsen.de\/wp-content\/uploads\/2010\/10\/6459-300x199.jpg 300w, https:\/\/www.ungarn-in-sachsen.de\/wp-content\/uploads\/2010\/10\/6459-700x466.jpg 700w, https:\/\/www.ungarn-in-sachsen.de\/wp-content\/uploads\/2010\/10\/6459.jpg 800w\" sizes=\"(max-width: 150px) 100vw, 150px\" \/><\/a>\n\t\t\t<\/dt><\/dl><br style=\"clear: both\" \/><dl class='gallery-item'>\n\t\t\t<dt class='gallery-icon landscape'>\n\t\t\t\t<a href='https:\/\/www.ungarn-in-sachsen.de\/wp-content\/uploads\/2010\/10\/6456.jpg'><img loading=\"lazy\" decoding=\"async\" width=\"150\" height=\"99\" src=\"https:\/\/www.ungarn-in-sachsen.de\/wp-content\/uploads\/2010\/10\/6456-150x99.jpg\" class=\"attachment-thumbnail size-thumbnail\" alt=\"\" srcset=\"https:\/\/www.ungarn-in-sachsen.de\/wp-content\/uploads\/2010\/10\/6456-150x99.jpg 150w, https:\/\/www.ungarn-in-sachsen.de\/wp-content\/uploads\/2010\/10\/6456-300x199.jpg 300w, https:\/\/www.ungarn-in-sachsen.de\/wp-content\/uploads\/2010\/10\/6456-700x466.jpg 700w, https:\/\/www.ungarn-in-sachsen.de\/wp-content\/uploads\/2010\/10\/6456.jpg 800w\" sizes=\"(max-width: 150px) 100vw, 150px\" \/><\/a>\n\t\t\t<\/dt><\/dl><dl class='gallery-item'>\n\t\t\t<dt class='gallery-icon landscape'>\n\t\t\t\t<a href='https:\/\/www.ungarn-in-sachsen.de\/wp-content\/uploads\/2010\/10\/6453.jpg'><img loading=\"lazy\" decoding=\"async\" width=\"150\" height=\"99\" src=\"https:\/\/www.ungarn-in-sachsen.de\/wp-content\/uploads\/2010\/10\/6453-150x99.jpg\" class=\"attachment-thumbnail size-thumbnail\" alt=\"\" srcset=\"https:\/\/www.ungarn-in-sachsen.de\/wp-content\/uploads\/2010\/10\/6453-150x99.jpg 150w, https:\/\/www.ungarn-in-sachsen.de\/wp-content\/uploads\/2010\/10\/6453-300x199.jpg 300w, https:\/\/www.ungarn-in-sachsen.de\/wp-content\/uploads\/2010\/10\/6453-700x466.jpg 700w, https:\/\/www.ungarn-in-sachsen.de\/wp-content\/uploads\/2010\/10\/6453.jpg 800w\" sizes=\"(max-width: 150px) 100vw, 150px\" \/><\/a>\n\t\t\t<\/dt><\/dl><dl class='gallery-item'>\n\t\t\t<dt class='gallery-icon landscape'>\n\t\t\t\t<a href='https:\/\/www.ungarn-in-sachsen.de\/wp-content\/uploads\/2010\/10\/6450.jpg'><img loading=\"lazy\" decoding=\"async\" width=\"150\" height=\"99\" src=\"https:\/\/www.ungarn-in-sachsen.de\/wp-content\/uploads\/2010\/10\/6450-150x99.jpg\" class=\"attachment-thumbnail size-thumbnail\" alt=\"\" srcset=\"https:\/\/www.ungarn-in-sachsen.de\/wp-content\/uploads\/2010\/10\/6450-150x99.jpg 150w, https:\/\/www.ungarn-in-sachsen.de\/wp-content\/uploads\/2010\/10\/6450-300x199.jpg 300w, https:\/\/www.ungarn-in-sachsen.de\/wp-content\/uploads\/2010\/10\/6450-700x466.jpg 700w, https:\/\/www.ungarn-in-sachsen.de\/wp-content\/uploads\/2010\/10\/6450.jpg 800w\" sizes=\"(max-width: 150px) 100vw, 150px\" \/><\/a>\n\t\t\t<\/dt><\/dl><dl class='gallery-item'>\n\t\t\t<dt class='gallery-icon landscape'>\n\t\t\t\t<a href='https:\/\/www.ungarn-in-sachsen.de\/wp-content\/uploads\/2010\/10\/6449.jpg'><img loading=\"lazy\" decoding=\"async\" width=\"150\" height=\"99\" src=\"https:\/\/www.ungarn-in-sachsen.de\/wp-content\/uploads\/2010\/10\/6449-150x99.jpg\" class=\"attachment-thumbnail size-thumbnail\" alt=\"\" srcset=\"https:\/\/www.ungarn-in-sachsen.de\/wp-content\/uploads\/2010\/10\/6449-150x99.jpg 150w, https:\/\/www.ungarn-in-sachsen.de\/wp-content\/uploads\/2010\/10\/6449-300x199.jpg 300w, https:\/\/www.ungarn-in-sachsen.de\/wp-content\/uploads\/2010\/10\/6449-700x466.jpg 700w, https:\/\/www.ungarn-in-sachsen.de\/wp-content\/uploads\/2010\/10\/6449.jpg 800w\" sizes=\"(max-width: 150px) 100vw, 150px\" \/><\/a>\n\t\t\t<\/dt><\/dl><br style=\"clear: both\" \/><dl class='gallery-item'>\n\t\t\t<dt class='gallery-icon landscape'>\n\t\t\t\t<a href='https:\/\/www.ungarn-in-sachsen.de\/wp-content\/uploads\/2010\/10\/6441.jpg'><img loading=\"lazy\" decoding=\"async\" width=\"150\" height=\"99\" src=\"https:\/\/www.ungarn-in-sachsen.de\/wp-content\/uploads\/2010\/10\/6441-150x99.jpg\" class=\"attachment-thumbnail size-thumbnail\" alt=\"\" srcset=\"https:\/\/www.ungarn-in-sachsen.de\/wp-content\/uploads\/2010\/10\/6441-150x99.jpg 150w, https:\/\/www.ungarn-in-sachsen.de\/wp-content\/uploads\/2010\/10\/6441-300x199.jpg 300w, https:\/\/www.ungarn-in-sachsen.de\/wp-content\/uploads\/2010\/10\/6441-700x466.jpg 700w, https:\/\/www.ungarn-in-sachsen.de\/wp-content\/uploads\/2010\/10\/6441.jpg 800w\" sizes=\"(max-width: 150px) 100vw, 150px\" \/><\/a>\n\t\t\t<\/dt><\/dl><dl class='gallery-item'>\n\t\t\t<dt class='gallery-icon landscape'>\n\t\t\t\t<a href='https:\/\/www.ungarn-in-sachsen.de\/wp-content\/uploads\/2010\/10\/6436.jpg'><img loading=\"lazy\" decoding=\"async\" width=\"150\" height=\"99\" src=\"https:\/\/www.ungarn-in-sachsen.de\/wp-content\/uploads\/2010\/10\/6436-150x99.jpg\" class=\"attachment-thumbnail size-thumbnail\" alt=\"\" srcset=\"https:\/\/www.ungarn-in-sachsen.de\/wp-content\/uploads\/2010\/10\/6436-150x99.jpg 150w, https:\/\/www.ungarn-in-sachsen.de\/wp-content\/uploads\/2010\/10\/6436-300x199.jpg 300w, https:\/\/www.ungarn-in-sachsen.de\/wp-content\/uploads\/2010\/10\/6436-700x466.jpg 700w, https:\/\/www.ungarn-in-sachsen.de\/wp-content\/uploads\/2010\/10\/6436.jpg 800w\" sizes=\"(max-width: 150px) 100vw, 150px\" \/><\/a>\n\t\t\t<\/dt><\/dl><dl class='gallery-item'>\n\t\t\t<dt class='gallery-icon landscape'>\n\t\t\t\t<a href='https:\/\/www.ungarn-in-sachsen.de\/wp-content\/uploads\/2010\/10\/6435.jpg'><img loading=\"lazy\" decoding=\"async\" width=\"150\" height=\"99\" src=\"https:\/\/www.ungarn-in-sachsen.de\/wp-content\/uploads\/2010\/10\/6435-150x99.jpg\" class=\"attachment-thumbnail size-thumbnail\" alt=\"\" srcset=\"https:\/\/www.ungarn-in-sachsen.de\/wp-content\/uploads\/2010\/10\/6435-150x99.jpg 150w, https:\/\/www.ungarn-in-sachsen.de\/wp-content\/uploads\/2010\/10\/6435-300x199.jpg 300w, https:\/\/www.ungarn-in-sachsen.de\/wp-content\/uploads\/2010\/10\/6435-700x466.jpg 700w, https:\/\/www.ungarn-in-sachsen.de\/wp-content\/uploads\/2010\/10\/6435.jpg 800w\" sizes=\"(max-width: 150px) 100vw, 150px\" \/><\/a>\n\t\t\t<\/dt><\/dl><dl class='gallery-item'>\n\t\t\t<dt class='gallery-icon landscape'>\n\t\t\t\t<a href='https:\/\/www.ungarn-in-sachsen.de\/wp-content\/uploads\/2010\/10\/6430.jpg'><img loading=\"lazy\" decoding=\"async\" width=\"150\" height=\"99\" src=\"https:\/\/www.ungarn-in-sachsen.de\/wp-content\/uploads\/2010\/10\/6430-150x99.jpg\" class=\"attachment-thumbnail size-thumbnail\" alt=\"\" srcset=\"https:\/\/www.ungarn-in-sachsen.de\/wp-content\/uploads\/2010\/10\/6430-150x99.jpg 150w, https:\/\/www.ungarn-in-sachsen.de\/wp-content\/uploads\/2010\/10\/6430-300x199.jpg 300w, https:\/\/www.ungarn-in-sachsen.de\/wp-content\/uploads\/2010\/10\/6430-700x466.jpg 700w, https:\/\/www.ungarn-in-sachsen.de\/wp-content\/uploads\/2010\/10\/6430.jpg 800w\" sizes=\"(max-width: 150px) 100vw, 150px\" \/><\/a>\n\t\t\t<\/dt><\/dl><br style=\"clear: both\" \/><dl class='gallery-item'>\n\t\t\t<dt class='gallery-icon landscape'>\n\t\t\t\t<a href='https:\/\/www.ungarn-in-sachsen.de\/wp-content\/uploads\/2010\/10\/6426.jpg'><img loading=\"lazy\" decoding=\"async\" width=\"150\" height=\"99\" src=\"https:\/\/www.ungarn-in-sachsen.de\/wp-content\/uploads\/2010\/10\/6426-150x99.jpg\" class=\"attachment-thumbnail size-thumbnail\" alt=\"\" srcset=\"https:\/\/www.ungarn-in-sachsen.de\/wp-content\/uploads\/2010\/10\/6426-150x99.jpg 150w, https:\/\/www.ungarn-in-sachsen.de\/wp-content\/uploads\/2010\/10\/6426-300x199.jpg 300w, https:\/\/www.ungarn-in-sachsen.de\/wp-content\/uploads\/2010\/10\/6426-700x466.jpg 700w, https:\/\/www.ungarn-in-sachsen.de\/wp-content\/uploads\/2010\/10\/6426.jpg 800w\" sizes=\"(max-width: 150px) 100vw, 150px\" \/><\/a>\n\t\t\t<\/dt><\/dl><dl class='gallery-item'>\n\t\t\t<dt class='gallery-icon landscape'>\n\t\t\t\t<a href='https:\/\/www.ungarn-in-sachsen.de\/wp-content\/uploads\/2010\/10\/6424.jpg'><img loading=\"lazy\" decoding=\"async\" width=\"150\" height=\"99\" src=\"https:\/\/www.ungarn-in-sachsen.de\/wp-content\/uploads\/2010\/10\/6424-150x99.jpg\" class=\"attachment-thumbnail size-thumbnail\" alt=\"\" srcset=\"https:\/\/www.ungarn-in-sachsen.de\/wp-content\/uploads\/2010\/10\/6424-150x99.jpg 150w, https:\/\/www.ungarn-in-sachsen.de\/wp-content\/uploads\/2010\/10\/6424-300x199.jpg 300w, https:\/\/www.ungarn-in-sachsen.de\/wp-content\/uploads\/2010\/10\/6424-700x466.jpg 700w, https:\/\/www.ungarn-in-sachsen.de\/wp-content\/uploads\/2010\/10\/6424.jpg 800w\" sizes=\"(max-width: 150px) 100vw, 150px\" \/><\/a>\n\t\t\t<\/dt><\/dl><dl class='gallery-item'>\n\t\t\t<dt class='gallery-icon landscape'>\n\t\t\t\t<a href='https:\/\/www.ungarn-in-sachsen.de\/wp-content\/uploads\/2010\/10\/6420.jpg'><img loading=\"lazy\" decoding=\"async\" width=\"150\" height=\"99\" src=\"https:\/\/www.ungarn-in-sachsen.de\/wp-content\/uploads\/2010\/10\/6420-150x99.jpg\" class=\"attachment-thumbnail size-thumbnail\" alt=\"\" srcset=\"https:\/\/www.ungarn-in-sachsen.de\/wp-content\/uploads\/2010\/10\/6420-150x99.jpg 150w, https:\/\/www.ungarn-in-sachsen.de\/wp-content\/uploads\/2010\/10\/6420-300x199.jpg 300w, https:\/\/www.ungarn-in-sachsen.de\/wp-content\/uploads\/2010\/10\/6420-700x466.jpg 700w, https:\/\/www.ungarn-in-sachsen.de\/wp-content\/uploads\/2010\/10\/6420.jpg 800w\" sizes=\"(max-width: 150px) 100vw, 150px\" \/><\/a>\n\t\t\t<\/dt><\/dl><dl class='gallery-item'>\n\t\t\t<dt class='gallery-icon landscape'>\n\t\t\t\t<a href='https:\/\/www.ungarn-in-sachsen.de\/wp-content\/uploads\/2010\/10\/6411.jpg'><img loading=\"lazy\" decoding=\"async\" width=\"150\" height=\"99\" src=\"https:\/\/www.ungarn-in-sachsen.de\/wp-content\/uploads\/2010\/10\/6411-150x99.jpg\" class=\"attachment-thumbnail size-thumbnail\" alt=\"\" srcset=\"https:\/\/www.ungarn-in-sachsen.de\/wp-content\/uploads\/2010\/10\/6411-150x99.jpg 150w, https:\/\/www.ungarn-in-sachsen.de\/wp-content\/uploads\/2010\/10\/6411-300x199.jpg 300w, https:\/\/www.ungarn-in-sachsen.de\/wp-content\/uploads\/2010\/10\/6411-700x466.jpg 700w, https:\/\/www.ungarn-in-sachsen.de\/wp-content\/uploads\/2010\/10\/6411.jpg 800w\" sizes=\"(max-width: 150px) 100vw, 150px\" \/><\/a>\n\t\t\t<\/dt><\/dl><br style=\"clear: both\" \/><dl class='gallery-item'>\n\t\t\t<dt class='gallery-icon landscape'>\n\t\t\t\t<a href='https:\/\/www.ungarn-in-sachsen.de\/wp-content\/uploads\/2010\/10\/6410.jpg'><img loading=\"lazy\" decoding=\"async\" width=\"150\" height=\"99\" src=\"https:\/\/www.ungarn-in-sachsen.de\/wp-content\/uploads\/2010\/10\/6410-150x99.jpg\" class=\"attachment-thumbnail size-thumbnail\" alt=\"\" srcset=\"https:\/\/www.ungarn-in-sachsen.de\/wp-content\/uploads\/2010\/10\/6410-150x99.jpg 150w, https:\/\/www.ungarn-in-sachsen.de\/wp-content\/uploads\/2010\/10\/6410-300x199.jpg 300w, https:\/\/www.ungarn-in-sachsen.de\/wp-content\/uploads\/2010\/10\/6410-700x466.jpg 700w, https:\/\/www.ungarn-in-sachsen.de\/wp-content\/uploads\/2010\/10\/6410.jpg 800w\" sizes=\"(max-width: 150px) 100vw, 150px\" \/><\/a>\n\t\t\t<\/dt><\/dl><dl class='gallery-item'>\n\t\t\t<dt class='gallery-icon landscape'>\n\t\t\t\t<a href='https:\/\/www.ungarn-in-sachsen.de\/wp-content\/uploads\/2010\/10\/6408.jpg'><img loading=\"lazy\" decoding=\"async\" width=\"150\" height=\"99\" src=\"https:\/\/www.ungarn-in-sachsen.de\/wp-content\/uploads\/2010\/10\/6408-150x99.jpg\" class=\"attachment-thumbnail size-thumbnail\" alt=\"\" srcset=\"https:\/\/www.ungarn-in-sachsen.de\/wp-content\/uploads\/2010\/10\/6408-150x99.jpg 150w, https:\/\/www.ungarn-in-sachsen.de\/wp-content\/uploads\/2010\/10\/6408-300x199.jpg 300w, https:\/\/www.ungarn-in-sachsen.de\/wp-content\/uploads\/2010\/10\/6408-700x466.jpg 700w, https:\/\/www.ungarn-in-sachsen.de\/wp-content\/uploads\/2010\/10\/6408.jpg 800w\" sizes=\"(max-width: 150px) 100vw, 150px\" \/><\/a>\n\t\t\t<\/dt><\/dl><dl class='gallery-item'>\n\t\t\t<dt class='gallery-icon landscape'>\n\t\t\t\t<a href='https:\/\/www.ungarn-in-sachsen.de\/wp-content\/uploads\/2010\/10\/6404.jpg'><img loading=\"lazy\" decoding=\"async\" width=\"150\" height=\"99\" src=\"https:\/\/www.ungarn-in-sachsen.de\/wp-content\/uploads\/2010\/10\/6404-150x99.jpg\" class=\"attachment-thumbnail size-thumbnail\" alt=\"\" srcset=\"https:\/\/www.ungarn-in-sachsen.de\/wp-content\/uploads\/2010\/10\/6404-150x99.jpg 150w, https:\/\/www.ungarn-in-sachsen.de\/wp-content\/uploads\/2010\/10\/6404-300x199.jpg 300w, https:\/\/www.ungarn-in-sachsen.de\/wp-content\/uploads\/2010\/10\/6404-700x466.jpg 700w, https:\/\/www.ungarn-in-sachsen.de\/wp-content\/uploads\/2010\/10\/6404.jpg 800w\" sizes=\"(max-width: 150px) 100vw, 150px\" \/><\/a>\n\t\t\t<\/dt><\/dl><dl class='gallery-item'>\n\t\t\t<dt class='gallery-icon landscape'>\n\t\t\t\t<a href='https:\/\/www.ungarn-in-sachsen.de\/wp-content\/uploads\/2010\/10\/6401.jpg'><img loading=\"lazy\" decoding=\"async\" width=\"150\" height=\"99\" src=\"https:\/\/www.ungarn-in-sachsen.de\/wp-content\/uploads\/2010\/10\/6401-150x99.jpg\" class=\"attachment-thumbnail size-thumbnail\" alt=\"\" srcset=\"https:\/\/www.ungarn-in-sachsen.de\/wp-content\/uploads\/2010\/10\/6401-150x99.jpg 150w, https:\/\/www.ungarn-in-sachsen.de\/wp-content\/uploads\/2010\/10\/6401-300x199.jpg 300w, https:\/\/www.ungarn-in-sachsen.de\/wp-content\/uploads\/2010\/10\/6401-700x466.jpg 700w, https:\/\/www.ungarn-in-sachsen.de\/wp-content\/uploads\/2010\/10\/6401.jpg 800w\" sizes=\"(max-width: 150px) 100vw, 150px\" \/><\/a>\n\t\t\t<\/dt><\/dl><br style=\"clear: both\" \/><dl class='gallery-item'>\n\t\t\t<dt class='gallery-icon landscape'>\n\t\t\t\t<a href='https:\/\/www.ungarn-in-sachsen.de\/wp-content\/uploads\/2010\/10\/6395.jpg'><img loading=\"lazy\" decoding=\"async\" width=\"150\" height=\"99\" src=\"https:\/\/www.ungarn-in-sachsen.de\/wp-content\/uploads\/2010\/10\/6395-150x99.jpg\" class=\"attachment-thumbnail size-thumbnail\" alt=\"\" srcset=\"https:\/\/www.ungarn-in-sachsen.de\/wp-content\/uploads\/2010\/10\/6395-150x99.jpg 150w, https:\/\/www.ungarn-in-sachsen.de\/wp-content\/uploads\/2010\/10\/6395-300x199.jpg 300w, https:\/\/www.ungarn-in-sachsen.de\/wp-content\/uploads\/2010\/10\/6395-700x466.jpg 700w, https:\/\/www.ungarn-in-sachsen.de\/wp-content\/uploads\/2010\/10\/6395.jpg 800w\" sizes=\"(max-width: 150px) 100vw, 150px\" \/><\/a>\n\t\t\t<\/dt><\/dl><dl class='gallery-item'>\n\t\t\t<dt class='gallery-icon landscape'>\n\t\t\t\t<a href='https:\/\/www.ungarn-in-sachsen.de\/wp-content\/uploads\/2010\/10\/6394.jpg'><img loading=\"lazy\" decoding=\"async\" width=\"150\" height=\"99\" src=\"https:\/\/www.ungarn-in-sachsen.de\/wp-content\/uploads\/2010\/10\/6394-150x99.jpg\" class=\"attachment-thumbnail size-thumbnail\" alt=\"\" srcset=\"https:\/\/www.ungarn-in-sachsen.de\/wp-content\/uploads\/2010\/10\/6394-150x99.jpg 150w, https:\/\/www.ungarn-in-sachsen.de\/wp-content\/uploads\/2010\/10\/6394-300x199.jpg 300w, https:\/\/www.ungarn-in-sachsen.de\/wp-content\/uploads\/2010\/10\/6394-700x466.jpg 700w, https:\/\/www.ungarn-in-sachsen.de\/wp-content\/uploads\/2010\/10\/6394.jpg 800w\" sizes=\"(max-width: 150px) 100vw, 150px\" \/><\/a>\n\t\t\t<\/dt><\/dl><dl class='gallery-item'>\n\t\t\t<dt class='gallery-icon landscape'>\n\t\t\t\t<a href='https:\/\/www.ungarn-in-sachsen.de\/wp-content\/uploads\/2010\/10\/6388.jpg'><img loading=\"lazy\" decoding=\"async\" width=\"150\" height=\"99\" src=\"https:\/\/www.ungarn-in-sachsen.de\/wp-content\/uploads\/2010\/10\/6388-150x99.jpg\" class=\"attachment-thumbnail size-thumbnail\" alt=\"\" srcset=\"https:\/\/www.ungarn-in-sachsen.de\/wp-content\/uploads\/2010\/10\/6388-150x99.jpg 150w, https:\/\/www.ungarn-in-sachsen.de\/wp-content\/uploads\/2010\/10\/6388-300x199.jpg 300w, https:\/\/www.ungarn-in-sachsen.de\/wp-content\/uploads\/2010\/10\/6388-700x466.jpg 700w, https:\/\/www.ungarn-in-sachsen.de\/wp-content\/uploads\/2010\/10\/6388.jpg 800w\" sizes=\"(max-width: 150px) 100vw, 150px\" \/><\/a>\n\t\t\t<\/dt><\/dl><dl class='gallery-item'>\n\t\t\t<dt class='gallery-icon landscape'>\n\t\t\t\t<a href='https:\/\/www.ungarn-in-sachsen.de\/wp-content\/uploads\/2010\/10\/Ausstellungser\u00f6ffnung5Sept2010-034.jpg'><img loading=\"lazy\" decoding=\"async\" width=\"150\" height=\"100\" src=\"https:\/\/www.ungarn-in-sachsen.de\/wp-content\/uploads\/2010\/10\/Ausstellungser\u00f6ffnung5Sept2010-034-150x100.jpg\" class=\"attachment-thumbnail size-thumbnail\" alt=\"\" srcset=\"https:\/\/www.ungarn-in-sachsen.de\/wp-content\/uploads\/2010\/10\/Ausstellungser\u00f6ffnung5Sept2010-034-150x100.jpg 150w, https:\/\/www.ungarn-in-sachsen.de\/wp-content\/uploads\/2010\/10\/Ausstellungser\u00f6ffnung5Sept2010-034-300x201.jpg 300w, https:\/\/www.ungarn-in-sachsen.de\/wp-content\/uploads\/2010\/10\/Ausstellungser\u00f6ffnung5Sept2010-034-1024x687.jpg 1024w, https:\/\/www.ungarn-in-sachsen.de\/wp-content\/uploads\/2010\/10\/Ausstellungser\u00f6ffnung5Sept2010-034-700x469.jpg 700w\" sizes=\"(max-width: 150px) 100vw, 150px\" \/><\/a>\n\t\t\t<\/dt><\/dl><br style=\"clear: both\" \/>\n\t\t<\/div>\n\n<p>[\/et_pb_text][\/et_pb_column][\/et_pb_row][\/et_pb_section]<\/p>\n","protected":false},"excerpt":{"rendered":"<p>A ki\u00e1ll\u00edt\u00e1s el\u0151k\u00e9sz\u00edt\u00e9se\n\t\t<style type=\"text\/css\">\n\t\t\t#gallery-3 {\n\t\t\t\tmargin: auto;\n\t\t\t}\n\t\t\t#gallery-3 .gallery-item {\n\t\t\t\tfloat: left;\n\t\t\t\tmargin-top: 10px;\n\t\t\t\ttext-align: center;\n\t\t\t\twidth: 25%;\n\t\t\t}\n\t\t\t#gallery-3 img {\n\t\t\t\tborder: 2px solid #cfcfcf;\n\t\t\t}\n\t\t\t#gallery-3 .gallery-caption {\n\t\t\t\tmargin-left: 0;\n\t\t\t}\n\t\t\t\/* see gallery_shortcode() in wp-includes\/media.php *\/\n\t\t<\/style>\n\t\t<div id='gallery-3' class='gallery galleryid-3115 gallery-columns-4 gallery-size-thumbnail'><dl class='gallery-item'>\n\t\t\t<dt class='gallery-icon landscape'>\n\t\t\t\t<a href='https:\/\/www.ungarn-in-sachsen.de\/wp-content\/uploads\/2010\/10\/kiallitas-020.jpg'><img width=\"150\" height=\"100\" src=\"https:\/\/www.ungarn-in-sachsen.de\/wp-content\/uploads\/2010\/10\/kiallitas-020-150x100.jpg\" class=\"attachment-thumbnail size-thumbnail\" alt=\"\" decoding=\"async\" loading=\"lazy\" srcset=\"https:\/\/www.ungarn-in-sachsen.de\/wp-content\/uploads\/2010\/10\/kiallitas-020-150x100.jpg 150w, https:\/\/www.ungarn-in-sachsen.de\/wp-content\/uploads\/2010\/10\/kiallitas-020-300x201.jpg 300w, https:\/\/www.ungarn-in-sachsen.de\/wp-content\/uploads\/2010\/10\/kiallitas-020-1024x687.jpg 1024w, https:\/\/www.ungarn-in-sachsen.de\/wp-content\/uploads\/2010\/10\/kiallitas-020-700x469.jpg 700w\" sizes=\"(max-width: 150px) 100vw, 150px\" \/><\/a>\n\t\t\t<\/dt><\/dl><dl class='gallery-item'>\n\t\t\t<dt class='gallery-icon portrait'>\n\t\t\t\t<a href='https:\/\/www.ungarn-in-sachsen.de\/wp-content\/uploads\/2010\/10\/kiallitas-016.jpg'><img width=\"100\" height=\"150\" src=\"https:\/\/www.ungarn-in-sachsen.de\/wp-content\/uploads\/2010\/10\/kiallitas-016-100x150.jpg\" class=\"attachment-thumbnail size-thumbnail\" alt=\"\" decoding=\"async\" loading=\"lazy\" srcset=\"https:\/\/www.ungarn-in-sachsen.de\/wp-content\/uploads\/2010\/10\/kiallitas-016-100x150.jpg 100w, https:\/\/www.ungarn-in-sachsen.de\/wp-content\/uploads\/2010\/10\/kiallitas-016-201x300.jpg 201w, https:\/\/www.ungarn-in-sachsen.de\/wp-content\/uploads\/2010\/10\/kiallitas-016-687x1024.jpg 687w, https:\/\/www.ungarn-in-sachsen.de\/wp-content\/uploads\/2010\/10\/kiallitas-016-700x1042.jpg 700w, https:\/\/www.ungarn-in-sachsen.de\/wp-content\/uploads\/2010\/10\/kiallitas-016.jpg 1944w\" sizes=\"(max-width: 100px) 100vw, 100px\" \/><\/a>\n\t\t\t<\/dt><\/dl><dl class='gallery-item'>\n\t\t\t<dt class='gallery-icon portrait'>\n\t\t\t\t<a href='https:\/\/www.ungarn-in-sachsen.de\/wp-content\/uploads\/2010\/10\/kiallitas-015.jpg'><img width=\"100\" height=\"150\" src=\"https:\/\/www.ungarn-in-sachsen.de\/wp-content\/uploads\/2010\/10\/kiallitas-015-100x150.jpg\" class=\"attachment-thumbnail size-thumbnail\" alt=\"\" decoding=\"async\" loading=\"lazy\" srcset=\"https:\/\/www.ungarn-in-sachsen.de\/wp-content\/uploads\/2010\/10\/kiallitas-015-100x150.jpg 100w, https:\/\/www.ungarn-in-sachsen.de\/wp-content\/uploads\/2010\/10\/kiallitas-015-201x300.jpg 201w, https:\/\/www.ungarn-in-sachsen.de\/wp-content\/uploads\/2010\/10\/kiallitas-015-687x1024.jpg 687w, https:\/\/www.ungarn-in-sachsen.de\/wp-content\/uploads\/2010\/10\/kiallitas-015-700x1042.jpg 700w, https:\/\/www.ungarn-in-sachsen.de\/wp-content\/uploads\/2010\/10\/kiallitas-015.jpg 1944w\" sizes=\"(max-width: 100px) 100vw, 100px\" \/><\/a>\n\t\t\t<\/dt><\/dl><dl class='gallery-item'>\n\t\t\t<dt class='gallery-icon portrait'>\n\t\t\t\t<a href='https:\/\/www.ungarn-in-sachsen.de\/wp-content\/uploads\/2010\/10\/kiallitas-014.jpg'><img width=\"100\" height=\"150\" src=\"https:\/\/www.ungarn-in-sachsen.de\/wp-content\/uploads\/2010\/10\/kiallitas-014-100x150.jpg\" class=\"attachment-thumbnail size-thumbnail\" alt=\"\" decoding=\"async\" loading=\"lazy\" srcset=\"https:\/\/www.ungarn-in-sachsen.de\/wp-content\/uploads\/2010\/10\/kiallitas-014-100x150.jpg 100w, https:\/\/www.ungarn-in-sachsen.de\/wp-content\/uploads\/2010\/10\/kiallitas-014-201x300.jpg 201w, https:\/\/www.ungarn-in-sachsen.de\/wp-content\/uploads\/2010\/10\/kiallitas-014-687x1024.jpg 687w, https:\/\/www.ungarn-in-sachsen.de\/wp-content\/uploads\/2010\/10\/kiallitas-014-700x1042.jpg 700w, https:\/\/www.ungarn-in-sachsen.de\/wp-content\/uploads\/2010\/10\/kiallitas-014.jpg 1944w\" sizes=\"(max-width: 100px) 100vw, 100px\" \/><\/a>\n\t\t\t<\/dt><\/dl><br style=\"clear: both\" \/><dl class='gallery-item'>\n\t\t\t<dt class='gallery-icon portrait'>\n\t\t\t\t<a href='https:\/\/www.ungarn-in-sachsen.de\/wp-content\/uploads\/2010\/10\/kiallitas-010.jpg'><img width=\"100\" height=\"150\" src=\"https:\/\/www.ungarn-in-sachsen.de\/wp-content\/uploads\/2010\/10\/kiallitas-010-100x150.jpg\" class=\"attachment-thumbnail size-thumbnail\" alt=\"\" decoding=\"async\" loading=\"lazy\" srcset=\"https:\/\/www.ungarn-in-sachsen.de\/wp-content\/uploads\/2010\/10\/kiallitas-010-100x150.jpg 100w, https:\/\/www.ungarn-in-sachsen.de\/wp-content\/uploads\/2010\/10\/kiallitas-010-201x300.jpg 201w, https:\/\/www.ungarn-in-sachsen.de\/wp-content\/uploads\/2010\/10\/kiallitas-010-687x1024.jpg 687w, https:\/\/www.ungarn-in-sachsen.de\/wp-content\/uploads\/2010\/10\/kiallitas-010-700x1042.jpg 700w, https:\/\/www.ungarn-in-sachsen.de\/wp-content\/uploads\/2010\/10\/kiallitas-010.jpg 1944w\" sizes=\"(max-width: 100px) 100vw, 100px\" \/><\/a>\n\t\t\t<\/dt><\/dl><dl class='gallery-item'>\n\t\t\t<dt class='gallery-icon portrait'>\n\t\t\t\t<a href='https:\/\/www.ungarn-in-sachsen.de\/wp-content\/uploads\/2010\/10\/kiallitas-008.jpg'><img width=\"100\" height=\"150\" src=\"https:\/\/www.ungarn-in-sachsen.de\/wp-content\/uploads\/2010\/10\/kiallitas-008-100x150.jpg\" class=\"attachment-thumbnail size-thumbnail\" alt=\"\" decoding=\"async\" loading=\"lazy\" srcset=\"https:\/\/www.ungarn-in-sachsen.de\/wp-content\/uploads\/2010\/10\/kiallitas-008-100x150.jpg 100w, https:\/\/www.ungarn-in-sachsen.de\/wp-content\/uploads\/2010\/10\/kiallitas-008-201x300.jpg 201w, https:\/\/www.ungarn-in-sachsen.de\/wp-content\/uploads\/2010\/10\/kiallitas-008-687x1024.jpg 687w, https:\/\/www.ungarn-in-sachsen.de\/wp-content\/uploads\/2010\/10\/kiallitas-008-700x1042.jpg 700w, https:\/\/www.ungarn-in-sachsen.de\/wp-content\/uploads\/2010\/10\/kiallitas-008.jpg 1944w\" sizes=\"(max-width: 100px) 100vw, 100px\" \/><\/a>\n\t\t\t<\/dt><\/dl><dl class='gallery-item'>\n\t\t\t<dt class='gallery-icon portrait'>\n\t\t\t\t<a href='https:\/\/www.ungarn-in-sachsen.de\/wp-content\/uploads\/2010\/10\/kiallitas-006.jpg'><img width=\"100\" height=\"150\" src=\"https:\/\/www.ungarn-in-sachsen.de\/wp-content\/uploads\/2010\/10\/kiallitas-006-100x150.jpg\" class=\"attachment-thumbnail size-thumbnail\" alt=\"\" decoding=\"async\" loading=\"lazy\" srcset=\"https:\/\/www.ungarn-in-sachsen.de\/wp-content\/uploads\/2010\/10\/kiallitas-006-100x150.jpg 100w, https:\/\/www.ungarn-in-sachsen.de\/wp-content\/uploads\/2010\/10\/kiallitas-006-201x300.jpg 201w, https:\/\/www.ungarn-in-sachsen.de\/wp-content\/uploads\/2010\/10\/kiallitas-006-687x1024.jpg 687w, https:\/\/www.ungarn-in-sachsen.de\/wp-content\/uploads\/2010\/10\/kiallitas-006-700x1042.jpg 700w, https:\/\/www.ungarn-in-sachsen.de\/wp-content\/uploads\/2010\/10\/kiallitas-006.jpg 1944w\" sizes=\"(max-width: 100px) 100vw, 100px\" \/><\/a>\n\t\t\t<\/dt><\/dl><dl class='gallery-item'>\n\t\t\t<dt class='gallery-icon portrait'>\n\t\t\t\t<a href='https:\/\/www.ungarn-in-sachsen.de\/wp-content\/uploads\/2010\/10\/040920101765.jpg'><img width=\"112\" height=\"150\" src=\"https:\/\/www.ungarn-in-sachsen.de\/wp-content\/uploads\/2010\/10\/040920101765-112x150.jpg\" class=\"attachment-thumbnail size-thumbnail\" alt=\"\" decoding=\"async\" loading=\"lazy\" srcset=\"https:\/\/www.ungarn-in-sachsen.de\/wp-content\/uploads\/2010\/10\/040920101765-112x150.jpg 112w, https:\/\/www.ungarn-in-sachsen.de\/wp-content\/uploads\/2010\/10\/040920101765-225x300.jpg 225w, https:\/\/www.ungarn-in-sachsen.de\/wp-content\/uploads\/2010\/10\/040920101765-768x1024.jpg 768w, https:\/\/www.ungarn-in-sachsen.de\/wp-content\/uploads\/2010\/10\/040920101765-700x933.jpg 700w, https:\/\/www.ungarn-in-sachsen.de\/wp-content\/uploads\/2010\/10\/040920101765.jpg 1944w\" sizes=\"(max-width: 112px) 100vw, 112px\" \/><\/a>\n\t\t\t<\/dt><\/dl><br style=\"clear: both\" \/><dl class='gallery-item'>\n\t\t\t<dt class='gallery-icon landscape'>\n\t\t\t\t<a href='https:\/\/www.ungarn-in-sachsen.de\/wp-content\/uploads\/2010\/10\/040920101764.jpg'><img width=\"150\" height=\"112\" src=\"https:\/\/www.ungarn-in-sachsen.de\/wp-content\/uploads\/2010\/10\/040920101764-150x112.jpg\" class=\"attachment-thumbnail size-thumbnail\" alt=\"\" decoding=\"async\" loading=\"lazy\" srcset=\"https:\/\/www.ungarn-in-sachsen.de\/wp-content\/uploads\/2010\/10\/040920101764-150x112.jpg 150w, https:\/\/www.ungarn-in-sachsen.de\/wp-content\/uploads\/2010\/10\/040920101764-300x225.jpg 300w, https:\/\/www.ungarn-in-sachsen.de\/wp-content\/uploads\/2010\/10\/040920101764-1024x768.jpg 1024w, https:\/\/www.ungarn-in-sachsen.de\/wp-content\/uploads\/2010\/10\/040920101764-700x525.jpg 700w\" sizes=\"(max-width: 150px) 100vw, 150px\" \/><\/a>\n\t\t\t<\/dt><\/dl><dl class='gallery-item'>\n\t\t\t<dt class='gallery-icon landscape'>\n\t\t\t\t<a href='https:\/\/www.ungarn-in-sachsen.de\/wp-content\/uploads\/2010\/10\/040920101763.jpg'><img width=\"150\" height=\"112\" src=\"https:\/\/www.ungarn-in-sachsen.de\/wp-content\/uploads\/2010\/10\/040920101763-150x112.jpg\" class=\"attachment-thumbnail size-thumbnail\" alt=\"\" decoding=\"async\" loading=\"lazy\" srcset=\"https:\/\/www.ungarn-in-sachsen.de\/wp-content\/uploads\/2010\/10\/040920101763-150x112.jpg 150w, https:\/\/www.ungarn-in-sachsen.de\/wp-content\/uploads\/2010\/10\/040920101763-300x225.jpg 300w, https:\/\/www.ungarn-in-sachsen.de\/wp-content\/uploads\/2010\/10\/040920101763-1024x768.jpg 1024w, https:\/\/www.ungarn-in-sachsen.de\/wp-content\/uploads\/2010\/10\/040920101763-700x525.jpg 700w\" sizes=\"(max-width: 150px) 100vw, 150px\" \/><\/a>\n\t\t\t<\/dt><\/dl><dl class='gallery-item'>\n\t\t\t<dt class='gallery-icon landscape'>\n\t\t\t\t<a href='https:\/\/www.ungarn-in-sachsen.de\/wp-content\/uploads\/2010\/10\/040920101761.jpg'><img width=\"150\" height=\"112\" src=\"https:\/\/www.ungarn-in-sachsen.de\/wp-content\/uploads\/2010\/10\/040920101761-150x112.jpg\" class=\"attachment-thumbnail size-thumbnail\" alt=\"\" decoding=\"async\" loading=\"lazy\" srcset=\"https:\/\/www.ungarn-in-sachsen.de\/wp-content\/uploads\/2010\/10\/040920101761-150x112.jpg 150w, https:\/\/www.ungarn-in-sachsen.de\/wp-content\/uploads\/2010\/10\/040920101761-300x225.jpg 300w, https:\/\/www.ungarn-in-sachsen.de\/wp-content\/uploads\/2010\/10\/040920101761-1024x768.jpg 1024w, https:\/\/www.ungarn-in-sachsen.de\/wp-content\/uploads\/2010\/10\/040920101761-700x525.jpg 700w\" sizes=\"(max-width: 150px) 100vw, 150px\" \/><\/a>\n\t\t\t<\/dt><\/dl><dl class='gallery-item'>\n\t\t\t<dt class='gallery-icon landscape'>\n\t\t\t\t<a href='https:\/\/www.ungarn-in-sachsen.de\/wp-content\/uploads\/2010\/10\/030920101752.jpg'><img width=\"150\" height=\"112\" src=\"https:\/\/www.ungarn-in-sachsen.de\/wp-content\/uploads\/2010\/10\/030920101752-150x112.jpg\" class=\"attachment-thumbnail size-thumbnail\" alt=\"\" decoding=\"async\" loading=\"lazy\" srcset=\"https:\/\/www.ungarn-in-sachsen.de\/wp-content\/uploads\/2010\/10\/030920101752-150x112.jpg 150w, https:\/\/www.ungarn-in-sachsen.de\/wp-content\/uploads\/2010\/10\/030920101752-300x225.jpg 300w, https:\/\/www.ungarn-in-sachsen.de\/wp-content\/uploads\/2010\/10\/030920101752-1024x768.jpg 1024w, https:\/\/www.ungarn-in-sachsen.de\/wp-content\/uploads\/2010\/10\/030920101752-700x525.jpg 700w\" sizes=\"(max-width: 150px) 100vw, 150px\" \/><\/a>\n\t\t\t<\/dt><\/dl><br style=\"clear: both\" \/><dl class='gallery-item'>\n\t\t\t<dt class='gallery-icon landscape'>\n\t\t\t\t<a href='https:\/\/www.ungarn-in-sachsen.de\/wp-content\/uploads\/2010\/10\/24092010008.jpg'><img width=\"150\" height=\"112\" src=\"https:\/\/www.ungarn-in-sachsen.de\/wp-content\/uploads\/2010\/10\/24092010008-150x112.jpg\" class=\"attachment-thumbnail size-thumbnail\" alt=\"\" decoding=\"async\" loading=\"lazy\" srcset=\"https:\/\/www.ungarn-in-sachsen.de\/wp-content\/uploads\/2010\/10\/24092010008-150x112.jpg 150w, https:\/\/www.ungarn-in-sachsen.de\/wp-content\/uploads\/2010\/10\/24092010008-300x225.jpg 300w, https:\/\/www.ungarn-in-sachsen.de\/wp-content\/uploads\/2010\/10\/24092010008-1024x768.jpg 1024w, https:\/\/www.ungarn-in-sachsen.de\/wp-content\/uploads\/2010\/10\/24092010008-700x525.jpg 700w\" sizes=\"(max-width: 150px) 100vw, 150px\" \/><\/a>\n\t\t\t<\/dt><\/dl>\n\t\t\t<br style='clear: both' \/>\n\t\t<\/div>\nK\u00e9pek a ki\u00e1ll\u00edt\u00e1s megnyit\u00f3j\u00e1r\u00f3l\n\t\t<style type=\"text\/css\">\n\t\t\t#gallery-4 {\n\t\t\t\tmargin: auto;\n\t\t\t}\n\t\t\t#gallery-4 .gallery-item {\n\t\t\t\tfloat: left;\n\t\t\t\tmargin-top: 10px;\n\t\t\t\ttext-align: center;\n\t\t\t\twidth: 25%;\n\t\t\t}\n\t\t\t#gallery-4 img {\n\t\t\t\tborder: 2px solid #cfcfcf;\n\t\t\t}\n\t\t\t#gallery-4 .gallery-caption {\n\t\t\t\tmargin-left: 0;\n\t\t\t}\n\t\t\t\/* see gallery_shortcode() in wp-includes\/media.php *\/\n\t\t<\/style>\n\t\t<div id='gallery-4' class='gallery galleryid-3115 gallery-columns-4 gallery-size-thumbnail'><dl class='gallery-item'>\n\t\t\t<dt class='gallery-icon landscape'>\n\t\t\t\t<a href='https:\/\/www.ungarn-in-sachsen.de\/wp-content\/uploads\/2010\/10\/Ausstellungser\u00f6ffnung5Sept2010-027.jpg'><img width=\"150\" height=\"100\" src=\"https:\/\/www.ungarn-in-sachsen.de\/wp-content\/uploads\/2010\/10\/Ausstellungser\u00f6ffnung5Sept2010-027-150x100.jpg\" class=\"attachment-thumbnail size-thumbnail\" alt=\"\" decoding=\"async\" loading=\"lazy\" srcset=\"https:\/\/www.ungarn-in-sachsen.de\/wp-content\/uploads\/2010\/10\/Ausstellungser\u00f6ffnung5Sept2010-027-150x100.jpg 150w, https:\/\/www.ungarn-in-sachsen.de\/wp-content\/uploads\/2010\/10\/Ausstellungser\u00f6ffnung5Sept2010-027-300x201.jpg 300w, https:\/\/www.ungarn-in-sachsen.de\/wp-content\/uploads\/2010\/10\/Ausstellungser\u00f6ffnung5Sept2010-027-1024x687.jpg 1024w, https:\/\/www.ungarn-in-sachsen.de\/wp-content\/uploads\/2010\/10\/Ausstellungser\u00f6ffnung5Sept2010-027-700x469.jpg 700w\" sizes=\"(max-width: 150px) 100vw, 150px\" \/><\/a>\n\t\t\t<\/dt><\/dl><dl class='gallery-item'>\n\t\t\t<dt class='gallery-icon landscape'>\n\t\t\t\t<a href='https:\/\/www.ungarn-in-sachsen.de\/wp-content\/uploads\/2010\/10\/Ausstellungser\u00f6ffnung5Sept2010-024.jpg'><img width=\"150\" height=\"100\" src=\"https:\/\/www.ungarn-in-sachsen.de\/wp-content\/uploads\/2010\/10\/Ausstellungser\u00f6ffnung5Sept2010-024-150x100.jpg\" class=\"attachment-thumbnail size-thumbnail\" alt=\"\" decoding=\"async\" loading=\"lazy\" srcset=\"https:\/\/www.ungarn-in-sachsen.de\/wp-content\/uploads\/2010\/10\/Ausstellungser\u00f6ffnung5Sept2010-024-150x100.jpg 150w, https:\/\/www.ungarn-in-sachsen.de\/wp-content\/uploads\/2010\/10\/Ausstellungser\u00f6ffnung5Sept2010-024-300x201.jpg 300w, https:\/\/www.ungarn-in-sachsen.de\/wp-content\/uploads\/2010\/10\/Ausstellungser\u00f6ffnung5Sept2010-024-1024x687.jpg 1024w, https:\/\/www.ungarn-in-sachsen.de\/wp-content\/uploads\/2010\/10\/Ausstellungser\u00f6ffnung5Sept2010-024-700x469.jpg 700w\" sizes=\"(max-width: 150px) 100vw, 150px\" \/><\/a>\n\t\t\t<\/dt><\/dl><dl class='gallery-item'>\n\t\t\t<dt class='gallery-icon landscape'>\n\t\t\t\t<a href='https:\/\/www.ungarn-in-sachsen.de\/wp-content\/uploads\/2010\/10\/Ausstellungser\u00f6ffnung5Sept2010-018.jpg'><img width=\"150\" height=\"100\" src=\"https:\/\/www.ungarn-in-sachsen.de\/wp-content\/uploads\/2010\/10\/Ausstellungser\u00f6ffnung5Sept2010-018-150x100.jpg\" class=\"attachment-thumbnail size-thumbnail\" alt=\"\" decoding=\"async\" loading=\"lazy\" srcset=\"https:\/\/www.ungarn-in-sachsen.de\/wp-content\/uploads\/2010\/10\/Ausstellungser\u00f6ffnung5Sept2010-018-150x100.jpg 150w, https:\/\/www.ungarn-in-sachsen.de\/wp-content\/uploads\/2010\/10\/Ausstellungser\u00f6ffnung5Sept2010-018-300x201.jpg 300w, https:\/\/www.ungarn-in-sachsen.de\/wp-content\/uploads\/2010\/10\/Ausstellungser\u00f6ffnung5Sept2010-018-1024x687.jpg 1024w, https:\/\/www.ungarn-in-sachsen.de\/wp-content\/uploads\/2010\/10\/Ausstellungser\u00f6ffnung5Sept2010-018-700x469.jpg 700w\" sizes=\"(max-width: 150px) 100vw, 150px\" \/><\/a>\n\t\t\t<\/dt><\/dl><dl class='gallery-item'>\n\t\t\t<dt class='gallery-icon portrait'>\n\t\t\t\t<a href='https:\/\/www.ungarn-in-sachsen.de\/wp-content\/uploads\/2010\/10\/Ausstellungser\u00f6ffnung5Sept2010-011.jpg'><img width=\"100\" height=\"150\" src=\"https:\/\/www.ungarn-in-sachsen.de\/wp-content\/uploads\/2010\/10\/Ausstellungser\u00f6ffnung5Sept2010-011-100x150.jpg\" class=\"attachment-thumbnail size-thumbnail\" alt=\"\" decoding=\"async\" loading=\"lazy\" srcset=\"https:\/\/www.ungarn-in-sachsen.de\/wp-content\/uploads\/2010\/10\/Ausstellungser\u00f6ffnung5Sept2010-011-100x150.jpg 100w, https:\/\/www.ungarn-in-sachsen.de\/wp-content\/uploads\/2010\/10\/Ausstellungser\u00f6ffnung5Sept2010-011-201x300.jpg 201w, https:\/\/www.ungarn-in-sachsen.de\/wp-content\/uploads\/2010\/10\/Ausstellungser\u00f6ffnung5Sept2010-011-687x1024.jpg 687w, https:\/\/www.ungarn-in-sachsen.de\/wp-content\/uploads\/2010\/10\/Ausstellungser\u00f6ffnung5Sept2010-011-700x1042.jpg 700w, https:\/\/www.ungarn-in-sachsen.de\/wp-content\/uploads\/2010\/10\/Ausstellungser\u00f6ffnung5Sept2010-011.jpg 1944w\" sizes=\"(max-width: 100px) 100vw, 100px\" \/><\/a>\n\t\t\t<\/dt><\/dl><br style=\"clear: both\" \/><dl class='gallery-item'>\n\t\t\t<dt class='gallery-icon portrait'>\n\t\t\t\t<a href='https:\/\/www.ungarn-in-sachsen.de\/wp-content\/uploads\/2010\/10\/Ausstellungser\u00f6ffnung5Sept2010-004.jpg'><img width=\"100\" height=\"150\" src=\"https:\/\/www.ungarn-in-sachsen.de\/wp-content\/uploads\/2010\/10\/Ausstellungser\u00f6ffnung5Sept2010-004-100x150.jpg\" class=\"attachment-thumbnail size-thumbnail\" alt=\"\" decoding=\"async\" loading=\"lazy\" srcset=\"https:\/\/www.ungarn-in-sachsen.de\/wp-content\/uploads\/2010\/10\/Ausstellungser\u00f6ffnung5Sept2010-004-100x150.jpg 100w, https:\/\/www.ungarn-in-sachsen.de\/wp-content\/uploads\/2010\/10\/Ausstellungser\u00f6ffnung5Sept2010-004-201x300.jpg 201w, https:\/\/www.ungarn-in-sachsen.de\/wp-content\/uploads\/2010\/10\/Ausstellungser\u00f6ffnung5Sept2010-004-687x1024.jpg 687w, https:\/\/www.ungarn-in-sachsen.de\/wp-content\/uploads\/2010\/10\/Ausstellungser\u00f6ffnung5Sept2010-004-700x1042.jpg 700w, https:\/\/www.ungarn-in-sachsen.de\/wp-content\/uploads\/2010\/10\/Ausstellungser\u00f6ffnung5Sept2010-004.jpg 1944w\" sizes=\"(max-width: 100px) 100vw, 100px\" \/><\/a>\n\t\t\t<\/dt><\/dl><dl class='gallery-item'>\n\t\t\t<dt class='gallery-icon portrait'>\n\t\t\t\t<a href='https:\/\/www.ungarn-in-sachsen.de\/wp-content\/uploads\/2010\/10\/Ausstellungser\u00f6ffnung5Sept2010-003.jpg'><img width=\"100\" height=\"150\" src=\"https:\/\/www.ungarn-in-sachsen.de\/wp-content\/uploads\/2010\/10\/Ausstellungser\u00f6ffnung5Sept2010-003-100x150.jpg\" class=\"attachment-thumbnail size-thumbnail\" alt=\"\" decoding=\"async\" loading=\"lazy\" srcset=\"https:\/\/www.ungarn-in-sachsen.de\/wp-content\/uploads\/2010\/10\/Ausstellungser\u00f6ffnung5Sept2010-003-100x150.jpg 100w, https:\/\/www.ungarn-in-sachsen.de\/wp-content\/uploads\/2010\/10\/Ausstellungser\u00f6ffnung5Sept2010-003-201x300.jpg 201w, https:\/\/www.ungarn-in-sachsen.de\/wp-content\/uploads\/2010\/10\/Ausstellungser\u00f6ffnung5Sept2010-003-687x1024.jpg 687w, https:\/\/www.ungarn-in-sachsen.de\/wp-content\/uploads\/2010\/10\/Ausstellungser\u00f6ffnung5Sept2010-003-700x1042.jpg 700w, https:\/\/www.ungarn-in-sachsen.de\/wp-content\/uploads\/2010\/10\/Ausstellungser\u00f6ffnung5Sept2010-003.jpg 1944w\" sizes=\"(max-width: 100px) 100vw, 100px\" \/><\/a>\n\t\t\t<\/dt><\/dl><dl class='gallery-item'>\n\t\t\t<dt class='gallery-icon portrait'>\n\t\t\t\t<a href='https:\/\/www.ungarn-in-sachsen.de\/wp-content\/uploads\/2010\/10\/6478.jpg'><img width=\"100\" height=\"150\" src=\"https:\/\/www.ungarn-in-sachsen.de\/wp-content\/uploads\/2010\/10\/6478-100x150.jpg\" class=\"attachment-thumbnail size-thumbnail\" alt=\"\" decoding=\"async\" loading=\"lazy\" srcset=\"https:\/\/www.ungarn-in-sachsen.de\/wp-content\/uploads\/2010\/10\/6478-100x150.jpg 100w, https:\/\/www.ungarn-in-sachsen.de\/wp-content\/uploads\/2010\/10\/6478-200x300.jpg 200w, https:\/\/www.ungarn-in-sachsen.de\/wp-content\/uploads\/2010\/10\/6478.jpg 400w\" sizes=\"(max-width: 100px) 100vw, 100px\" \/><\/a>\n\t\t\t<\/dt><\/dl><dl class='gallery-item'>\n\t\t\t<dt class='gallery-icon landscape'>\n\t\t\t\t<a href='https:\/\/www.ungarn-in-sachsen.de\/wp-content\/uploads\/2010\/10\/6477.jpg'><img width=\"150\" height=\"99\" src=\"https:\/\/www.ungarn-in-sachsen.de\/wp-content\/uploads\/2010\/10\/6477-150x99.jpg\" class=\"attachment-thumbnail size-thumbnail\" alt=\"\" decoding=\"async\" loading=\"lazy\" srcset=\"https:\/\/www.ungarn-in-sachsen.de\/wp-content\/uploads\/2010\/10\/6477-150x99.jpg 150w, https:\/\/www.ungarn-in-sachsen.de\/wp-content\/uploads\/2010\/10\/6477-300x199.jpg 300w, https:\/\/www.ungarn-in-sachsen.de\/wp-content\/uploads\/2010\/10\/6477-700x466.jpg 700w, https:\/\/www.ungarn-in-sachsen.de\/wp-content\/uploads\/2010\/10\/6477.jpg 800w\" sizes=\"(max-width: 150px) 100vw, 150px\" \/><\/a>\n\t\t\t<\/dt><\/dl><br style=\"clear: both\" \/><dl class='gallery-item'>\n\t\t\t<dt class='gallery-icon landscape'>\n\t\t\t\t<a href='https:\/\/www.ungarn-in-sachsen.de\/wp-content\/uploads\/2010\/10\/6476.jpg'><img width=\"150\" height=\"99\" src=\"https:\/\/www.ungarn-in-sachsen.de\/wp-content\/uploads\/2010\/10\/6476-150x99.jpg\" class=\"attachment-thumbnail size-thumbnail\" alt=\"\" decoding=\"async\" loading=\"lazy\" srcset=\"https:\/\/www.ungarn-in-sachsen.de\/wp-content\/uploads\/2010\/10\/6476-150x99.jpg 150w, https:\/\/www.ungarn-in-sachsen.de\/wp-content\/uploads\/2010\/10\/6476-300x199.jpg 300w, https:\/\/www.ungarn-in-sachsen.de\/wp-content\/uploads\/2010\/10\/6476-700x466.jpg 700w, https:\/\/www.ungarn-in-sachsen.de\/wp-content\/uploads\/2010\/10\/6476.jpg 800w\" sizes=\"(max-width: 150px) 100vw, 150px\" \/><\/a>\n\t\t\t<\/dt><\/dl><dl class='gallery-item'>\n\t\t\t<dt class='gallery-icon landscape'>\n\t\t\t\t<a href='https:\/\/www.ungarn-in-sachsen.de\/wp-content\/uploads\/2010\/10\/6474.jpg'><img width=\"150\" height=\"99\" src=\"https:\/\/www.ungarn-in-sachsen.de\/wp-content\/uploads\/2010\/10\/6474-150x99.jpg\" class=\"attachment-thumbnail size-thumbnail\" alt=\"\" decoding=\"async\" loading=\"lazy\" srcset=\"https:\/\/www.ungarn-in-sachsen.de\/wp-content\/uploads\/2010\/10\/6474-150x99.jpg 150w, https:\/\/www.ungarn-in-sachsen.de\/wp-content\/uploads\/2010\/10\/6474-300x199.jpg 300w, https:\/\/www.ungarn-in-sachsen.de\/wp-content\/uploads\/2010\/10\/6474-700x466.jpg 700w, https:\/\/www.ungarn-in-sachsen.de\/wp-content\/uploads\/2010\/10\/6474.jpg 800w\" sizes=\"(max-width: 150px) 100vw, 150px\" \/><\/a>\n\t\t\t<\/dt><\/dl><dl class='gallery-item'>\n\t\t\t<dt class='gallery-icon landscape'>\n\t\t\t\t<a href='https:\/\/www.ungarn-in-sachsen.de\/wp-content\/uploads\/2010\/10\/6471.jpg'><img width=\"150\" height=\"99\" src=\"https:\/\/www.ungarn-in-sachsen.de\/wp-content\/uploads\/2010\/10\/6471-150x99.jpg\" class=\"attachment-thumbnail size-thumbnail\" alt=\"\" decoding=\"async\" loading=\"lazy\" srcset=\"https:\/\/www.ungarn-in-sachsen.de\/wp-content\/uploads\/2010\/10\/6471-150x99.jpg 150w, https:\/\/www.ungarn-in-sachsen.de\/wp-content\/uploads\/2010\/10\/6471-300x199.jpg 300w, https:\/\/www.ungarn-in-sachsen.de\/wp-content\/uploads\/2010\/10\/6471-700x466.jpg 700w, https:\/\/www.ungarn-in-sachsen.de\/wp-content\/uploads\/2010\/10\/6471.jpg 800w\" sizes=\"(max-width: 150px) 100vw, 150px\" \/><\/a>\n\t\t\t<\/dt><\/dl><dl class='gallery-item'>\n\t\t\t<dt class='gallery-icon landscape'>\n\t\t\t\t<a href='https:\/\/www.ungarn-in-sachsen.de\/wp-content\/uploads\/2010\/10\/6470.jpg'><img width=\"150\" height=\"99\" src=\"https:\/\/www.ungarn-in-sachsen.de\/wp-content\/uploads\/2010\/10\/6470-150x99.jpg\" class=\"attachment-thumbnail size-thumbnail\" alt=\"\" decoding=\"async\" loading=\"lazy\" srcset=\"https:\/\/www.ungarn-in-sachsen.de\/wp-content\/uploads\/2010\/10\/6470-150x99.jpg 150w, https:\/\/www.ungarn-in-sachsen.de\/wp-content\/uploads\/2010\/10\/6470-300x199.jpg 300w, https:\/\/www.ungarn-in-sachsen.de\/wp-content\/uploads\/2010\/10\/6470-700x466.jpg 700w, https:\/\/www.ungarn-in-sachsen.de\/wp-content\/uploads\/2010\/10\/6470.jpg 800w\" sizes=\"(max-width: 150px) 100vw, 150px\" \/><\/a>\n\t\t\t<\/dt><\/dl><br style=\"clear: both\" \/><dl class='gallery-item'>\n\t\t\t<dt class='gallery-icon landscape'>\n\t\t\t\t<a href='https:\/\/www.ungarn-in-sachsen.de\/wp-content\/uploads\/2010\/10\/6468.jpg'><img width=\"150\" height=\"99\" src=\"https:\/\/www.ungarn-in-sachsen.de\/wp-content\/uploads\/2010\/10\/6468-150x99.jpg\" class=\"attachment-thumbnail size-thumbnail\" alt=\"\" decoding=\"async\" loading=\"lazy\" srcset=\"https:\/\/www.ungarn-in-sachsen.de\/wp-content\/uploads\/2010\/10\/6468-150x99.jpg 150w, https:\/\/www.ungarn-in-sachsen.de\/wp-content\/uploads\/2010\/10\/6468-300x199.jpg 300w, https:\/\/www.ungarn-in-sachsen.de\/wp-content\/uploads\/2010\/10\/6468-700x466.jpg 700w, https:\/\/www.ungarn-in-sachsen.de\/wp-content\/uploads\/2010\/10\/6468.jpg 800w\" sizes=\"(max-width: 150px) 100vw, 150px\" \/><\/a>\n\t\t\t<\/dt><\/dl><dl class='gallery-item'>\n\t\t\t<dt class='gallery-icon landscape'>\n\t\t\t\t<a href='https:\/\/www.ungarn-in-sachsen.de\/wp-content\/uploads\/2010\/10\/6465.jpg'><img width=\"150\" height=\"99\" src=\"https:\/\/www.ungarn-in-sachsen.de\/wp-content\/uploads\/2010\/10\/6465-150x99.jpg\" class=\"attachment-thumbnail size-thumbnail\" alt=\"\" decoding=\"async\" loading=\"lazy\" srcset=\"https:\/\/www.ungarn-in-sachsen.de\/wp-content\/uploads\/2010\/10\/6465-150x99.jpg 150w, https:\/\/www.ungarn-in-sachsen.de\/wp-content\/uploads\/2010\/10\/6465-300x199.jpg 300w, https:\/\/www.ungarn-in-sachsen.de\/wp-content\/uploads\/2010\/10\/6465-700x466.jpg 700w, https:\/\/www.ungarn-in-sachsen.de\/wp-content\/uploads\/2010\/10\/6465.jpg 800w\" sizes=\"(max-width: 150px) 100vw, 150px\" \/><\/a>\n\t\t\t<\/dt><\/dl><dl class='gallery-item'>\n\t\t\t<dt class='gallery-icon landscape'>\n\t\t\t\t<a href='https:\/\/www.ungarn-in-sachsen.de\/wp-content\/uploads\/2010\/10\/6461.jpg'><img width=\"150\" height=\"123\" src=\"https:\/\/www.ungarn-in-sachsen.de\/wp-content\/uploads\/2010\/10\/6461-150x123.jpg\" class=\"attachment-thumbnail size-thumbnail\" alt=\"\" decoding=\"async\" loading=\"lazy\" srcset=\"https:\/\/www.ungarn-in-sachsen.de\/wp-content\/uploads\/2010\/10\/6461-150x123.jpg 150w, https:\/\/www.ungarn-in-sachsen.de\/wp-content\/uploads\/2010\/10\/6461-300x247.jpg 300w, https:\/\/www.ungarn-in-sachsen.de\/wp-content\/uploads\/2010\/10\/6461-700x578.jpg 700w, https:\/\/www.ungarn-in-sachsen.de\/wp-content\/uploads\/2010\/10\/6461.jpg 726w\" sizes=\"(max-width: 150px) 100vw, 150px\" \/><\/a>\n\t\t\t<\/dt><\/dl><dl class='gallery-item'>\n\t\t\t<dt class='gallery-icon landscape'>\n\t\t\t\t<a href='https:\/\/www.ungarn-in-sachsen.de\/wp-content\/uploads\/2010\/10\/6459.jpg'><img width=\"150\" height=\"99\" src=\"https:\/\/www.ungarn-in-sachsen.de\/wp-content\/uploads\/2010\/10\/6459-150x99.jpg\" class=\"attachment-thumbnail size-thumbnail\" alt=\"\" decoding=\"async\" loading=\"lazy\" srcset=\"https:\/\/www.ungarn-in-sachsen.de\/wp-content\/uploads\/2010\/10\/6459-150x99.jpg 150w, https:\/\/www.ungarn-in-sachsen.de\/wp-content\/uploads\/2010\/10\/6459-300x199.jpg 300w, https:\/\/www.ungarn-in-sachsen.de\/wp-content\/uploads\/2010\/10\/6459-700x466.jpg 700w, https:\/\/www.ungarn-in-sachsen.de\/wp-content\/uploads\/2010\/10\/6459.jpg 800w\" sizes=\"(max-width: 150px) 100vw, 150px\" \/><\/a>\n\t\t\t<\/dt><\/dl><br style=\"clear: both\" \/><dl class='gallery-item'>\n\t\t\t<dt class='gallery-icon landscape'>\n\t\t\t\t<a href='https:\/\/www.ungarn-in-sachsen.de\/wp-content\/uploads\/2010\/10\/6456.jpg'><img width=\"150\" height=\"99\" src=\"https:\/\/www.ungarn-in-sachsen.de\/wp-content\/uploads\/2010\/10\/6456-150x99.jpg\" class=\"attachment-thumbnail size-thumbnail\" alt=\"\" decoding=\"async\" loading=\"lazy\" srcset=\"https:\/\/www.ungarn-in-sachsen.de\/wp-content\/uploads\/2010\/10\/6456-150x99.jpg 150w, https:\/\/www.ungarn-in-sachsen.de\/wp-content\/uploads\/2010\/10\/6456-300x199.jpg 300w, https:\/\/www.ungarn-in-sachsen.de\/wp-content\/uploads\/2010\/10\/6456-700x466.jpg 700w, https:\/\/www.ungarn-in-sachsen.de\/wp-content\/uploads\/2010\/10\/6456.jpg 800w\" sizes=\"(max-width: 150px) 100vw, 150px\" \/><\/a>\n\t\t\t<\/dt><\/dl><dl class='gallery-item'>\n\t\t\t<dt class='gallery-icon landscape'>\n\t\t\t\t<a href='https:\/\/www.ungarn-in-sachsen.de\/wp-content\/uploads\/2010\/10\/6453.jpg'><img width=\"150\" height=\"99\" src=\"https:\/\/www.ungarn-in-sachsen.de\/wp-content\/uploads\/2010\/10\/6453-150x99.jpg\" class=\"attachment-thumbnail size-thumbnail\" alt=\"\" decoding=\"async\" loading=\"lazy\" srcset=\"https:\/\/www.ungarn-in-sachsen.de\/wp-content\/uploads\/2010\/10\/6453-150x99.jpg 150w, https:\/\/www.ungarn-in-sachsen.de\/wp-content\/uploads\/2010\/10\/6453-300x199.jpg 300w, https:\/\/www.ungarn-in-sachsen.de\/wp-content\/uploads\/2010\/10\/6453-700x466.jpg 700w, https:\/\/www.ungarn-in-sachsen.de\/wp-content\/uploads\/2010\/10\/6453.jpg 800w\" sizes=\"(max-width: 150px) 100vw, 150px\" \/><\/a>\n\t\t\t<\/dt><\/dl><dl class='gallery-item'>\n\t\t\t<dt class='gallery-icon landscape'>\n\t\t\t\t<a href='https:\/\/www.ungarn-in-sachsen.de\/wp-content\/uploads\/2010\/10\/6450.jpg'><img width=\"150\" height=\"99\" src=\"https:\/\/www.ungarn-in-sachsen.de\/wp-content\/uploads\/2010\/10\/6450-150x99.jpg\" class=\"attachment-thumbnail size-thumbnail\" alt=\"\" decoding=\"async\" loading=\"lazy\" srcset=\"https:\/\/www.ungarn-in-sachsen.de\/wp-content\/uploads\/2010\/10\/6450-150x99.jpg 150w, https:\/\/www.ungarn-in-sachsen.de\/wp-content\/uploads\/2010\/10\/6450-300x199.jpg 300w, https:\/\/www.ungarn-in-sachsen.de\/wp-content\/uploads\/2010\/10\/6450-700x466.jpg 700w, https:\/\/www.ungarn-in-sachsen.de\/wp-content\/uploads\/2010\/10\/6450.jpg 800w\" sizes=\"(max-width: 150px) 100vw, 150px\" \/><\/a>\n\t\t\t<\/dt><\/dl><dl class='gallery-item'>\n\t\t\t<dt class='gallery-icon landscape'>\n\t\t\t\t<a href='https:\/\/www.ungarn-in-sachsen.de\/wp-content\/uploads\/2010\/10\/6449.jpg'><img width=\"150\" height=\"99\" src=\"https:\/\/www.ungarn-in-sachsen.de\/wp-content\/uploads\/2010\/10\/6449-150x99.jpg\" class=\"attachment-thumbnail size-thumbnail\" alt=\"\" decoding=\"async\" loading=\"lazy\" srcset=\"https:\/\/www.ungarn-in-sachsen.de\/wp-content\/uploads\/2010\/10\/6449-150x99.jpg 150w, https:\/\/www.ungarn-in-sachsen.de\/wp-content\/uploads\/2010\/10\/6449-300x199.jpg 300w, https:\/\/www.ungarn-in-sachsen.de\/wp-content\/uploads\/2010\/10\/6449-700x466.jpg 700w, https:\/\/www.ungarn-in-sachsen.de\/wp-content\/uploads\/2010\/10\/6449.jpg 800w\" sizes=\"(max-width: 150px) 100vw, 150px\" \/><\/a>\n\t\t\t<\/dt><\/dl><br style=\"clear: both\" \/><dl class='gallery-item'>\n\t\t\t<dt class='gallery-icon landscape'>\n\t\t\t\t<a href='https:\/\/www.ungarn-in-sachsen.de\/wp-content\/uploads\/2010\/10\/6441.jpg'><img width=\"150\" height=\"99\" src=\"https:\/\/www.ungarn-in-sachsen.de\/wp-content\/uploads\/2010\/10\/6441-150x99.jpg\" class=\"attachment-thumbnail size-thumbnail\" alt=\"\" decoding=\"async\" loading=\"lazy\" srcset=\"https:\/\/www.ungarn-in-sachsen.de\/wp-content\/uploads\/2010\/10\/6441-150x99.jpg 150w, https:\/\/www.ungarn-in-sachsen.de\/wp-content\/uploads\/2010\/10\/6441-300x199.jpg 300w, https:\/\/www.ungarn-in-sachsen.de\/wp-content\/uploads\/2010\/10\/6441-700x466.jpg 700w, https:\/\/www.ungarn-in-sachsen.de\/wp-content\/uploads\/2010\/10\/6441.jpg 800w\" sizes=\"(max-width: 150px) 100vw, 150px\" \/><\/a>\n\t\t\t<\/dt><\/dl><dl class='gallery-item'>\n\t\t\t<dt class='gallery-icon landscape'>\n\t\t\t\t<a href='https:\/\/www.ungarn-in-sachsen.de\/wp-content\/uploads\/2010\/10\/6436.jpg'><img width=\"150\" height=\"99\" src=\"https:\/\/www.ungarn-in-sachsen.de\/wp-content\/uploads\/2010\/10\/6436-150x99.jpg\" class=\"attachment-thumbnail size-thumbnail\" alt=\"\" decoding=\"async\" loading=\"lazy\" srcset=\"https:\/\/www.ungarn-in-sachsen.de\/wp-content\/uploads\/2010\/10\/6436-150x99.jpg 150w, https:\/\/www.ungarn-in-sachsen.de\/wp-content\/uploads\/2010\/10\/6436-300x199.jpg 300w, https:\/\/www.ungarn-in-sachsen.de\/wp-content\/uploads\/2010\/10\/6436-700x466.jpg 700w, https:\/\/www.ungarn-in-sachsen.de\/wp-content\/uploads\/2010\/10\/6436.jpg 800w\" sizes=\"(max-width: 150px) 100vw, 150px\" \/><\/a>\n\t\t\t<\/dt><\/dl><dl class='gallery-item'>\n\t\t\t<dt class='gallery-icon landscape'>\n\t\t\t\t<a href='https:\/\/www.ungarn-in-sachsen.de\/wp-content\/uploads\/2010\/10\/6435.jpg'><img width=\"150\" height=\"99\" src=\"https:\/\/www.ungarn-in-sachsen.de\/wp-content\/uploads\/2010\/10\/6435-150x99.jpg\" class=\"attachment-thumbnail size-thumbnail\" alt=\"\" decoding=\"async\" loading=\"lazy\" srcset=\"https:\/\/www.ungarn-in-sachsen.de\/wp-content\/uploads\/2010\/10\/6435-150x99.jpg 150w, https:\/\/www.ungarn-in-sachsen.de\/wp-content\/uploads\/2010\/10\/6435-300x199.jpg 300w, https:\/\/www.ungarn-in-sachsen.de\/wp-content\/uploads\/2010\/10\/6435-700x466.jpg 700w, https:\/\/www.ungarn-in-sachsen.de\/wp-content\/uploads\/2010\/10\/6435.jpg 800w\" sizes=\"(max-width: 150px) 100vw, 150px\" \/><\/a>\n\t\t\t<\/dt><\/dl><dl class='gallery-item'>\n\t\t\t<dt class='gallery-icon landscape'>\n\t\t\t\t<a href='https:\/\/www.ungarn-in-sachsen.de\/wp-content\/uploads\/2010\/10\/6430.jpg'><img width=\"150\" height=\"99\" src=\"https:\/\/www.ungarn-in-sachsen.de\/wp-content\/uploads\/2010\/10\/6430-150x99.jpg\" class=\"attachment-thumbnail size-thumbnail\" alt=\"\" decoding=\"async\" loading=\"lazy\" srcset=\"https:\/\/www.ungarn-in-sachsen.de\/wp-content\/uploads\/2010\/10\/6430-150x99.jpg 150w, https:\/\/www.ungarn-in-sachsen.de\/wp-content\/uploads\/2010\/10\/6430-300x199.jpg 300w, https:\/\/www.ungarn-in-sachsen.de\/wp-content\/uploads\/2010\/10\/6430-700x466.jpg 700w, https:\/\/www.ungarn-in-sachsen.de\/wp-content\/uploads\/2010\/10\/6430.jpg 800w\" sizes=\"(max-width: 150px) 100vw, 150px\" \/><\/a>\n\t\t\t<\/dt><\/dl><br style=\"clear: both\" \/><dl class='gallery-item'>\n\t\t\t<dt class='gallery-icon landscape'>\n\t\t\t\t<a href='https:\/\/www.ungarn-in-sachsen.de\/wp-content\/uploads\/2010\/10\/6426.jpg'><img width=\"150\" height=\"99\" src=\"https:\/\/www.ungarn-in-sachsen.de\/wp-content\/uploads\/2010\/10\/6426-150x99.jpg\" class=\"attachment-thumbnail size-thumbnail\" alt=\"\" decoding=\"async\" loading=\"lazy\" srcset=\"https:\/\/www.ungarn-in-sachsen.de\/wp-content\/uploads\/2010\/10\/6426-150x99.jpg 150w, https:\/\/www.ungarn-in-sachsen.de\/wp-content\/uploads\/2010\/10\/6426-300x199.jpg 300w, https:\/\/www.ungarn-in-sachsen.de\/wp-content\/uploads\/2010\/10\/6426-700x466.jpg 700w, https:\/\/www.ungarn-in-sachsen.de\/wp-content\/uploads\/2010\/10\/6426.jpg 800w\" sizes=\"(max-width: 150px) 100vw, 150px\" \/><\/a>\n\t\t\t<\/dt><\/dl><dl class='gallery-item'>\n\t\t\t<dt class='gallery-icon landscape'>\n\t\t\t\t<a href='https:\/\/www.ungarn-in-sachsen.de\/wp-content\/uploads\/2010\/10\/6424.jpg'><img width=\"150\" height=\"99\" src=\"https:\/\/www.ungarn-in-sachsen.de\/wp-content\/uploads\/2010\/10\/6424-150x99.jpg\" class=\"attachment-thumbnail size-thumbnail\" alt=\"\" decoding=\"async\" loading=\"lazy\" srcset=\"https:\/\/www.ungarn-in-sachsen.de\/wp-content\/uploads\/2010\/10\/6424-150x99.jpg 150w, https:\/\/www.ungarn-in-sachsen.de\/wp-content\/uploads\/2010\/10\/6424-300x199.jpg 300w, https:\/\/www.ungarn-in-sachsen.de\/wp-content\/uploads\/2010\/10\/6424-700x466.jpg 700w, https:\/\/www.ungarn-in-sachsen.de\/wp-content\/uploads\/2010\/10\/6424.jpg 800w\" sizes=\"(max-width: 150px) 100vw, 150px\" \/><\/a>\n\t\t\t<\/dt><\/dl><dl class='gallery-item'>\n\t\t\t<dt class='gallery-icon landscape'>\n\t\t\t\t<a href='https:\/\/www.ungarn-in-sachsen.de\/wp-content\/uploads\/2010\/10\/6420.jpg'><img width=\"150\" height=\"99\" src=\"https:\/\/www.ungarn-in-sachsen.de\/wp-content\/uploads\/2010\/10\/6420-150x99.jpg\" class=\"attachment-thumbnail size-thumbnail\" alt=\"\" decoding=\"async\" loading=\"lazy\" srcset=\"https:\/\/www.ungarn-in-sachsen.de\/wp-content\/uploads\/2010\/10\/6420-150x99.jpg 150w, https:\/\/www.ungarn-in-sachsen.de\/wp-content\/uploads\/2010\/10\/6420-300x199.jpg 300w, https:\/\/www.ungarn-in-sachsen.de\/wp-content\/uploads\/2010\/10\/6420-700x466.jpg 700w, https:\/\/www.ungarn-in-sachsen.de\/wp-content\/uploads\/2010\/10\/6420.jpg 800w\" sizes=\"(max-width: 150px) 100vw, 150px\" \/><\/a>\n\t\t\t<\/dt><\/dl><dl class='gallery-item'>\n\t\t\t<dt class='gallery-icon landscape'>\n\t\t\t\t<a href='https:\/\/www.ungarn-in-sachsen.de\/wp-content\/uploads\/2010\/10\/6411.jpg'><img width=\"150\" height=\"99\" src=\"https:\/\/www.ungarn-in-sachsen.de\/wp-content\/uploads\/2010\/10\/6411-150x99.jpg\" class=\"attachment-thumbnail size-thumbnail\" alt=\"\" decoding=\"async\" loading=\"lazy\" srcset=\"https:\/\/www.ungarn-in-sachsen.de\/wp-content\/uploads\/2010\/10\/6411-150x99.jpg 150w, https:\/\/www.ungarn-in-sachsen.de\/wp-content\/uploads\/2010\/10\/6411-300x199.jpg 300w, https:\/\/www.ungarn-in-sachsen.de\/wp-content\/uploads\/2010\/10\/6411-700x466.jpg 700w, https:\/\/www.ungarn-in-sachsen.de\/wp-content\/uploads\/2010\/10\/6411.jpg 800w\" sizes=\"(max-width: 150px) 100vw, 150px\" \/><\/a>\n\t\t\t<\/dt><\/dl><br style=\"clear: both\" \/><dl class='gallery-item'>\n\t\t\t<dt class='gallery-icon landscape'>\n\t\t\t\t<a href='https:\/\/www.ungarn-in-sachsen.de\/wp-content\/uploads\/2010\/10\/6410.jpg'><img width=\"150\" height=\"99\" src=\"https:\/\/www.ungarn-in-sachsen.de\/wp-content\/uploads\/2010\/10\/6410-150x99.jpg\" class=\"attachment-thumbnail size-thumbnail\" alt=\"\" decoding=\"async\" loading=\"lazy\" srcset=\"https:\/\/www.ungarn-in-sachsen.de\/wp-content\/uploads\/2010\/10\/6410-150x99.jpg 150w, https:\/\/www.ungarn-in-sachsen.de\/wp-content\/uploads\/2010\/10\/6410-300x199.jpg 300w, https:\/\/www.ungarn-in-sachsen.de\/wp-content\/uploads\/2010\/10\/6410-700x466.jpg 700w, https:\/\/www.ungarn-in-sachsen.de\/wp-content\/uploads\/2010\/10\/6410.jpg 800w\" sizes=\"(max-width: 150px) 100vw, 150px\" \/><\/a>\n\t\t\t<\/dt><\/dl><dl class='gallery-item'>\n\t\t\t<dt class='gallery-icon landscape'>\n\t\t\t\t<a href='https:\/\/www.ungarn-in-sachsen.de\/wp-content\/uploads\/2010\/10\/6408.jpg'><img width=\"150\" height=\"99\" src=\"https:\/\/www.ungarn-in-sachsen.de\/wp-content\/uploads\/2010\/10\/6408-150x99.jpg\" class=\"attachment-thumbnail size-thumbnail\" alt=\"\" decoding=\"async\" loading=\"lazy\" srcset=\"https:\/\/www.ungarn-in-sachsen.de\/wp-content\/uploads\/2010\/10\/6408-150x99.jpg 150w, https:\/\/www.ungarn-in-sachsen.de\/wp-content\/uploads\/2010\/10\/6408-300x199.jpg 300w, https:\/\/www.ungarn-in-sachsen.de\/wp-content\/uploads\/2010\/10\/6408-700x466.jpg 700w, https:\/\/www.ungarn-in-sachsen.de\/wp-content\/uploads\/2010\/10\/6408.jpg 800w\" sizes=\"(max-width: 150px) 100vw, 150px\" \/><\/a>\n\t\t\t<\/dt><\/dl><dl class='gallery-item'>\n\t\t\t<dt class='gallery-icon landscape'>\n\t\t\t\t<a href='https:\/\/www.ungarn-in-sachsen.de\/wp-content\/uploads\/2010\/10\/6404.jpg'><img width=\"150\" height=\"99\" src=\"https:\/\/www.ungarn-in-sachsen.de\/wp-content\/uploads\/2010\/10\/6404-150x99.jpg\" class=\"attachment-thumbnail size-thumbnail\" alt=\"\" decoding=\"async\" loading=\"lazy\" srcset=\"https:\/\/www.ungarn-in-sachsen.de\/wp-content\/uploads\/2010\/10\/6404-150x99.jpg 150w, https:\/\/www.ungarn-in-sachsen.de\/wp-content\/uploads\/2010\/10\/6404-300x199.jpg 300w, https:\/\/www.ungarn-in-sachsen.de\/wp-content\/uploads\/2010\/10\/6404-700x466.jpg 700w, https:\/\/www.ungarn-in-sachsen.de\/wp-content\/uploads\/2010\/10\/6404.jpg 800w\" sizes=\"(max-width: 150px) 100vw, 150px\" \/><\/a>\n\t\t\t<\/dt><\/dl><dl class='gallery-item'>\n\t\t\t<dt class='gallery-icon landscape'>\n\t\t\t\t<a href='https:\/\/www.ungarn-in-sachsen.de\/wp-content\/uploads\/2010\/10\/6401.jpg'><img width=\"150\" height=\"99\" src=\"https:\/\/www.ungarn-in-sachsen.de\/wp-content\/uploads\/2010\/10\/6401-150x99.jpg\" class=\"attachment-thumbnail size-thumbnail\" alt=\"\" decoding=\"async\" loading=\"lazy\" srcset=\"https:\/\/www.ungarn-in-sachsen.de\/wp-content\/uploads\/2010\/10\/6401-150x99.jpg 150w, https:\/\/www.ungarn-in-sachsen.de\/wp-content\/uploads\/2010\/10\/6401-300x199.jpg 300w, https:\/\/www.ungarn-in-sachsen.de\/wp-content\/uploads\/2010\/10\/6401-700x466.jpg 700w, https:\/\/www.ungarn-in-sachsen.de\/wp-content\/uploads\/2010\/10\/6401.jpg 800w\" sizes=\"(max-width: 150px) 100vw, 150px\" \/><\/a>\n\t\t\t<\/dt><\/dl><br style=\"clear: both\" \/><dl class='gallery-item'>\n\t\t\t<dt class='gallery-icon landscape'>\n\t\t\t\t<a href='https:\/\/www.ungarn-in-sachsen.de\/wp-content\/uploads\/2010\/10\/6395.jpg'><img width=\"150\" height=\"99\" src=\"https:\/\/www.ungarn-in-sachsen.de\/wp-content\/uploads\/2010\/10\/6395-150x99.jpg\" class=\"attachment-thumbnail size-thumbnail\" alt=\"\" decoding=\"async\" loading=\"lazy\" srcset=\"https:\/\/www.ungarn-in-sachsen.de\/wp-content\/uploads\/2010\/10\/6395-150x99.jpg 150w, https:\/\/www.ungarn-in-sachsen.de\/wp-content\/uploads\/2010\/10\/6395-300x199.jpg 300w, https:\/\/www.ungarn-in-sachsen.de\/wp-content\/uploads\/2010\/10\/6395-700x466.jpg 700w, https:\/\/www.ungarn-in-sachsen.de\/wp-content\/uploads\/2010\/10\/6395.jpg 800w\" sizes=\"(max-width: 150px) 100vw, 150px\" \/><\/a>\n\t\t\t<\/dt><\/dl><dl class='gallery-item'>\n\t\t\t<dt class='gallery-icon landscape'>\n\t\t\t\t<a href='https:\/\/www.ungarn-in-sachsen.de\/wp-content\/uploads\/2010\/10\/6394.jpg'><img width=\"150\" height=\"99\" src=\"https:\/\/www.ungarn-in-sachsen.de\/wp-content\/uploads\/2010\/10\/6394-150x99.jpg\" class=\"attachment-thumbnail size-thumbnail\" alt=\"\" decoding=\"async\" loading=\"lazy\" srcset=\"https:\/\/www.ungarn-in-sachsen.de\/wp-content\/uploads\/2010\/10\/6394-150x99.jpg 150w, https:\/\/www.ungarn-in-sachsen.de\/wp-content\/uploads\/2010\/10\/6394-300x199.jpg 300w, https:\/\/www.ungarn-in-sachsen.de\/wp-content\/uploads\/2010\/10\/6394-700x466.jpg 700w, https:\/\/www.ungarn-in-sachsen.de\/wp-content\/uploads\/2010\/10\/6394.jpg 800w\" sizes=\"(max-width: 150px) 100vw, 150px\" \/><\/a>\n\t\t\t<\/dt><\/dl><dl class='gallery-item'>\n\t\t\t<dt class='gallery-icon landscape'>\n\t\t\t\t<a href='https:\/\/www.ungarn-in-sachsen.de\/wp-content\/uploads\/2010\/10\/6388.jpg'><img width=\"150\" height=\"99\" src=\"https:\/\/www.ungarn-in-sachsen.de\/wp-content\/uploads\/2010\/10\/6388-150x99.jpg\" class=\"attachment-thumbnail size-thumbnail\" alt=\"\" decoding=\"async\" loading=\"lazy\" srcset=\"https:\/\/www.ungarn-in-sachsen.de\/wp-content\/uploads\/2010\/10\/6388-150x99.jpg 150w, https:\/\/www.ungarn-in-sachsen.de\/wp-content\/uploads\/2010\/10\/6388-300x199.jpg 300w, https:\/\/www.ungarn-in-sachsen.de\/wp-content\/uploads\/2010\/10\/6388-700x466.jpg 700w, https:\/\/www.ungarn-in-sachsen.de\/wp-content\/uploads\/2010\/10\/6388.jpg 800w\" sizes=\"(max-width: 150px) 100vw, 150px\" \/><\/a>\n\t\t\t<\/dt><\/dl><dl class='gallery-item'>\n\t\t\t<dt class='gallery-icon landscape'>\n\t\t\t\t<a href='https:\/\/www.ungarn-in-sachsen.de\/wp-content\/uploads\/2010\/10\/Ausstellungser\u00f6ffnung5Sept2010-034.jpg'><img width=\"150\" height=\"100\" src=\"https:\/\/www.ungarn-in-sachsen.de\/wp-content\/uploads\/2010\/10\/Ausstellungser\u00f6ffnung5Sept2010-034-150x100.jpg\" class=\"attachment-thumbnail size-thumbnail\" alt=\"\" decoding=\"async\" loading=\"lazy\" srcset=\"https:\/\/www.ungarn-in-sachsen.de\/wp-content\/uploads\/2010\/10\/Ausstellungser\u00f6ffnung5Sept2010-034-150x100.jpg 150w, https:\/\/www.ungarn-in-sachsen.de\/wp-content\/uploads\/2010\/10\/Ausstellungser\u00f6ffnung5Sept2010-034-300x201.jpg 300w, https:\/\/www.ungarn-in-sachsen.de\/wp-content\/uploads\/2010\/10\/Ausstellungser\u00f6ffnung5Sept2010-034-1024x687.jpg 1024w, https:\/\/www.ungarn-in-sachsen.de\/wp-content\/uploads\/2010\/10\/Ausstellungser\u00f6ffnung5Sept2010-034-700x469.jpg 700w\" sizes=\"(max-width: 150px) 100vw, 150px\" \/><\/a>\n\t\t\t<\/dt><\/dl><br style=\"clear: both\" \/>\n\t\t<\/div>\n<\/p>\n","protected":false},"author":1,"featured_media":0,"comment_status":"closed","ping_status":"closed","sticky":false,"template":"","format":"standard","meta":{"_et_pb_use_builder":"on","_et_pb_old_content":"","_et_gb_content_width":"","footnotes":""},"categories":[83],"tags":[],"class_list":["post-3115","post","type-post","status-publish","format-standard","hentry","category-kiallitas-balatontol-a-stausee-ig"],"yoast_head":"<!-- This site is optimized with the Yoast SEO plugin v27.4 - https:\/\/yoast.com\/product\/yoast-seo-wordpress\/ -->\n<title>Ki\u00e1ll\u00edt\u00e1s &quot;Balatont\u00f3l a Stausee-ig - Magyar \u00e9letk\u00e9pek Karl-Marx-Stadtban\/Chemnitzben&quot; c\u00edmmel - F\u00e9nyk\u00e9palbum - Ungarischer Kulturverein Chemnitz und Umgebung e. V.<\/title>\n<meta name=\"robots\" content=\"index, follow, max-snippet:-1, max-image-preview:large, max-video-preview:-1\" \/>\n<link rel=\"canonical\" href=\"https:\/\/www.ungarn-in-sachsen.de\/hu\/ausstellung-vom-plattensee-zum-stausee-bildergalerie\/\" \/>\n<meta property=\"og:locale\" content=\"hu_HU\" \/>\n<meta property=\"og:type\" content=\"article\" \/>\n<meta property=\"og:title\" content=\"Ki\u00e1ll\u00edt\u00e1s &quot;Balatont\u00f3l a Stausee-ig - Magyar \u00e9letk\u00e9pek Karl-Marx-Stadtban\/Chemnitzben&quot; c\u00edmmel - F\u00e9nyk\u00e9palbum - Ungarischer Kulturverein Chemnitz und Umgebung e. V.\" \/>\n<meta property=\"og:description\" content=\"A ki\u00e1ll\u00edt\u00e1s el\u0151k\u00e9sz\u00edt\u00e9seK\u00e9pek a ki\u00e1ll\u00edt\u00e1s megnyit\u00f3j\u00e1r\u00f3l\" \/>\n<meta property=\"og:url\" content=\"https:\/\/www.ungarn-in-sachsen.de\/hu\/ausstellung-vom-plattensee-zum-stausee-bildergalerie\/\" \/>\n<meta property=\"og:site_name\" content=\"Ungarischer Kulturverein Chemnitz und Umgebung e. V.\" \/>\n<meta property=\"article:publisher\" content=\"https:\/\/www.facebook.com\/Ungarischer-Kulturverein-Chemnitz-und-Umgebung-eV-229421257171599\/\" \/>\n<meta property=\"article:published_time\" content=\"2010-10-29T15:08:27+00:00\" \/>\n<meta property=\"article:modified_time\" content=\"2025-08-23T16:48:46+00:00\" \/>\n<meta property=\"og:image\" content=\"https:\/\/www.ungarn-in-sachsen.de\/wp-content\/uploads\/2010\/10\/kiallitas-020-150x100.jpg\" \/>\n<meta name=\"author\" content=\"Andr\u00e9\" \/>\n<meta name=\"twitter:card\" content=\"summary_large_image\" \/>\n<meta name=\"twitter:label1\" content=\"Szerz\u0151:\" \/>\n\t<meta name=\"twitter:data1\" content=\"Andr\u00e9\" \/>\n\t<meta name=\"twitter:label2\" content=\"Becs\u00fclt olvas\u00e1si id\u0151\" \/>\n\t<meta name=\"twitter:data2\" content=\"1 perc\" \/>\n<script type=\"application\/ld+json\" class=\"yoast-schema-graph\">{\"@context\":\"https:\\\/\\\/schema.org\",\"@graph\":[{\"@type\":\"Article\",\"@id\":\"https:\\\/\\\/www.ungarn-in-sachsen.de\\\/hu\\\/ausstellung-vom-plattensee-zum-stausee-bildergalerie\\\/#article\",\"isPartOf\":{\"@id\":\"https:\\\/\\\/www.ungarn-in-sachsen.de\\\/hu\\\/ausstellung-vom-plattensee-zum-stausee-bildergalerie\\\/\"},\"author\":{\"name\":\"Andr\u00e9\",\"@id\":\"https:\\\/\\\/www.ungarn-in-sachsen.de\\\/hu\\\/#\\\/schema\\\/person\\\/0cc99cf254a649b6bda5b97afe4d2c1a\"},\"headline\":\"Ki\u00e1ll\u00edt\u00e1s &#8222;Balatont\u00f3l a Stausee-ig &#8211; Magyar \u00e9letk\u00e9pek Karl-Marx-Stadtban\\\/Chemnitzben&#8221; c\u00edmmel &#8211; F\u00e9nyk\u00e9palbum\",\"datePublished\":\"2010-10-29T15:08:27+00:00\",\"dateModified\":\"2025-08-23T16:48:46+00:00\",\"mainEntityOfPage\":{\"@id\":\"https:\\\/\\\/www.ungarn-in-sachsen.de\\\/hu\\\/ausstellung-vom-plattensee-zum-stausee-bildergalerie\\\/\"},\"wordCount\":123,\"publisher\":{\"@id\":\"https:\\\/\\\/www.ungarn-in-sachsen.de\\\/hu\\\/#organization\"},\"articleSection\":[\"Ki\u00e1ll\u00edt\u00e1s \\\"Balatont\u00f3l a Stausee-ig\\\"\"],\"inLanguage\":\"hu\"},{\"@type\":\"WebPage\",\"@id\":\"https:\\\/\\\/www.ungarn-in-sachsen.de\\\/hu\\\/ausstellung-vom-plattensee-zum-stausee-bildergalerie\\\/\",\"url\":\"https:\\\/\\\/www.ungarn-in-sachsen.de\\\/hu\\\/ausstellung-vom-plattensee-zum-stausee-bildergalerie\\\/\",\"name\":\"Ki\u00e1ll\u00edt\u00e1s \\\"Balatont\u00f3l a Stausee-ig - Magyar \u00e9letk\u00e9pek Karl-Marx-Stadtban\\\/Chemnitzben\\\" c\u00edmmel - F\u00e9nyk\u00e9palbum - Ungarischer Kulturverein Chemnitz und Umgebung e. V.\",\"isPartOf\":{\"@id\":\"https:\\\/\\\/www.ungarn-in-sachsen.de\\\/hu\\\/#website\"},\"datePublished\":\"2010-10-29T15:08:27+00:00\",\"dateModified\":\"2025-08-23T16:48:46+00:00\",\"breadcrumb\":{\"@id\":\"https:\\\/\\\/www.ungarn-in-sachsen.de\\\/hu\\\/ausstellung-vom-plattensee-zum-stausee-bildergalerie\\\/#breadcrumb\"},\"inLanguage\":\"hu\",\"potentialAction\":[{\"@type\":\"ReadAction\",\"target\":[\"https:\\\/\\\/www.ungarn-in-sachsen.de\\\/hu\\\/ausstellung-vom-plattensee-zum-stausee-bildergalerie\\\/\"]}]},{\"@type\":\"BreadcrumbList\",\"@id\":\"https:\\\/\\\/www.ungarn-in-sachsen.de\\\/hu\\\/ausstellung-vom-plattensee-zum-stausee-bildergalerie\\\/#breadcrumb\",\"itemListElement\":[{\"@type\":\"ListItem\",\"position\":1,\"name\":\"Startseite\",\"item\":\"https:\\\/\\\/www.ungarn-in-sachsen.de\\\/hu\\\/\"},{\"@type\":\"ListItem\",\"position\":2,\"name\":\"Ki\u00e1ll\u00edt\u00e1s &#8220;Balatont\u00f3l a Stausee-ig &#8211; Magyar \u00e9letk\u00e9pek Karl-Marx-Stadtban\\\/Chemnitzben&#8221; c\u00edmmel &#8211; F\u00e9nyk\u00e9palbum\"}]},{\"@type\":\"WebSite\",\"@id\":\"https:\\\/\\\/www.ungarn-in-sachsen.de\\\/hu\\\/#website\",\"url\":\"https:\\\/\\\/www.ungarn-in-sachsen.de\\\/hu\\\/\",\"name\":\"Ungarischer Kulturverein Chemnitz und Umgebung e. V.\",\"description\":\"Treffpunkt f\u00fcr Freunde der ungarischen Kultur\",\"publisher\":{\"@id\":\"https:\\\/\\\/www.ungarn-in-sachsen.de\\\/hu\\\/#organization\"},\"potentialAction\":[{\"@type\":\"SearchAction\",\"target\":{\"@type\":\"EntryPoint\",\"urlTemplate\":\"https:\\\/\\\/www.ungarn-in-sachsen.de\\\/hu\\\/?s={search_term_string}\"},\"query-input\":{\"@type\":\"PropertyValueSpecification\",\"valueRequired\":true,\"valueName\":\"search_term_string\"}}],\"inLanguage\":\"hu\"},{\"@type\":\"Organization\",\"@id\":\"https:\\\/\\\/www.ungarn-in-sachsen.de\\\/hu\\\/#organization\",\"name\":\"Ungarischer Kulturverein Chemnitz und Umgebung e.V.\",\"url\":\"https:\\\/\\\/www.ungarn-in-sachsen.de\\\/hu\\\/\",\"logo\":{\"@type\":\"ImageObject\",\"inLanguage\":\"hu\",\"@id\":\"https:\\\/\\\/www.ungarn-in-sachsen.de\\\/hu\\\/#\\\/schema\\\/logo\\\/image\\\/\",\"url\":\"https:\\\/\\\/www.ungarn-in-sachsen.de\\\/wp-content\\\/uploads\\\/2019\\\/04\\\/logo.jpg\",\"contentUrl\":\"https:\\\/\\\/www.ungarn-in-sachsen.de\\\/wp-content\\\/uploads\\\/2019\\\/04\\\/logo.jpg\",\"width\":266,\"height\":170,\"caption\":\"Ungarischer Kulturverein Chemnitz und Umgebung e.V.\"},\"image\":{\"@id\":\"https:\\\/\\\/www.ungarn-in-sachsen.de\\\/hu\\\/#\\\/schema\\\/logo\\\/image\\\/\"},\"sameAs\":[\"https:\\\/\\\/www.facebook.com\\\/Ungarischer-Kulturverein-Chemnitz-und-Umgebung-eV-229421257171599\\\/\"]},{\"@type\":\"Person\",\"@id\":\"https:\\\/\\\/www.ungarn-in-sachsen.de\\\/hu\\\/#\\\/schema\\\/person\\\/0cc99cf254a649b6bda5b97afe4d2c1a\",\"name\":\"Andr\u00e9\",\"url\":\"https:\\\/\\\/www.ungarn-in-sachsen.de\\\/hu\\\/author\\\/horvbaer\\\/\"}]}<\/script>\n<!-- \/ Yoast SEO plugin. -->","yoast_head_json":{"title":"Ki\u00e1ll\u00edt\u00e1s \"Balatont\u00f3l a Stausee-ig - Magyar \u00e9letk\u00e9pek Karl-Marx-Stadtban\/Chemnitzben\" c\u00edmmel - F\u00e9nyk\u00e9palbum - Ungarischer Kulturverein Chemnitz und Umgebung e. V.","robots":{"index":"index","follow":"follow","max-snippet":"max-snippet:-1","max-image-preview":"max-image-preview:large","max-video-preview":"max-video-preview:-1"},"canonical":"https:\/\/www.ungarn-in-sachsen.de\/hu\/ausstellung-vom-plattensee-zum-stausee-bildergalerie\/","og_locale":"hu_HU","og_type":"article","og_title":"Ki\u00e1ll\u00edt\u00e1s \"Balatont\u00f3l a Stausee-ig - Magyar \u00e9letk\u00e9pek Karl-Marx-Stadtban\/Chemnitzben\" c\u00edmmel - F\u00e9nyk\u00e9palbum - Ungarischer Kulturverein Chemnitz und Umgebung e. V.","og_description":"A ki\u00e1ll\u00edt\u00e1s el\u0151k\u00e9sz\u00edt\u00e9seK\u00e9pek a ki\u00e1ll\u00edt\u00e1s megnyit\u00f3j\u00e1r\u00f3l","og_url":"https:\/\/www.ungarn-in-sachsen.de\/hu\/ausstellung-vom-plattensee-zum-stausee-bildergalerie\/","og_site_name":"Ungarischer Kulturverein Chemnitz und Umgebung e. V.","article_publisher":"https:\/\/www.facebook.com\/Ungarischer-Kulturverein-Chemnitz-und-Umgebung-eV-229421257171599\/","article_published_time":"2010-10-29T15:08:27+00:00","article_modified_time":"2025-08-23T16:48:46+00:00","og_image":[{"url":"https:\/\/www.ungarn-in-sachsen.de\/wp-content\/uploads\/2010\/10\/kiallitas-020-150x100.jpg","type":"","width":"","height":""}],"author":"Andr\u00e9","twitter_card":"summary_large_image","twitter_misc":{"Szerz\u0151:":"Andr\u00e9","Becs\u00fclt olvas\u00e1si id\u0151":"1 perc"},"schema":{"@context":"https:\/\/schema.org","@graph":[{"@type":"Article","@id":"https:\/\/www.ungarn-in-sachsen.de\/hu\/ausstellung-vom-plattensee-zum-stausee-bildergalerie\/#article","isPartOf":{"@id":"https:\/\/www.ungarn-in-sachsen.de\/hu\/ausstellung-vom-plattensee-zum-stausee-bildergalerie\/"},"author":{"name":"Andr\u00e9","@id":"https:\/\/www.ungarn-in-sachsen.de\/hu\/#\/schema\/person\/0cc99cf254a649b6bda5b97afe4d2c1a"},"headline":"Ki\u00e1ll\u00edt\u00e1s &#8222;Balatont\u00f3l a Stausee-ig &#8211; Magyar \u00e9letk\u00e9pek Karl-Marx-Stadtban\/Chemnitzben&#8221; c\u00edmmel &#8211; F\u00e9nyk\u00e9palbum","datePublished":"2010-10-29T15:08:27+00:00","dateModified":"2025-08-23T16:48:46+00:00","mainEntityOfPage":{"@id":"https:\/\/www.ungarn-in-sachsen.de\/hu\/ausstellung-vom-plattensee-zum-stausee-bildergalerie\/"},"wordCount":123,"publisher":{"@id":"https:\/\/www.ungarn-in-sachsen.de\/hu\/#organization"},"articleSection":["Ki\u00e1ll\u00edt\u00e1s \"Balatont\u00f3l a Stausee-ig\""],"inLanguage":"hu"},{"@type":"WebPage","@id":"https:\/\/www.ungarn-in-sachsen.de\/hu\/ausstellung-vom-plattensee-zum-stausee-bildergalerie\/","url":"https:\/\/www.ungarn-in-sachsen.de\/hu\/ausstellung-vom-plattensee-zum-stausee-bildergalerie\/","name":"Ki\u00e1ll\u00edt\u00e1s \"Balatont\u00f3l a Stausee-ig - Magyar \u00e9letk\u00e9pek Karl-Marx-Stadtban\/Chemnitzben\" c\u00edmmel - F\u00e9nyk\u00e9palbum - Ungarischer Kulturverein Chemnitz und Umgebung e. V.","isPartOf":{"@id":"https:\/\/www.ungarn-in-sachsen.de\/hu\/#website"},"datePublished":"2010-10-29T15:08:27+00:00","dateModified":"2025-08-23T16:48:46+00:00","breadcrumb":{"@id":"https:\/\/www.ungarn-in-sachsen.de\/hu\/ausstellung-vom-plattensee-zum-stausee-bildergalerie\/#breadcrumb"},"inLanguage":"hu","potentialAction":[{"@type":"ReadAction","target":["https:\/\/www.ungarn-in-sachsen.de\/hu\/ausstellung-vom-plattensee-zum-stausee-bildergalerie\/"]}]},{"@type":"BreadcrumbList","@id":"https:\/\/www.ungarn-in-sachsen.de\/hu\/ausstellung-vom-plattensee-zum-stausee-bildergalerie\/#breadcrumb","itemListElement":[{"@type":"ListItem","position":1,"name":"Startseite","item":"https:\/\/www.ungarn-in-sachsen.de\/hu\/"},{"@type":"ListItem","position":2,"name":"Ki\u00e1ll\u00edt\u00e1s &#8220;Balatont\u00f3l a Stausee-ig &#8211; Magyar \u00e9letk\u00e9pek Karl-Marx-Stadtban\/Chemnitzben&#8221; c\u00edmmel &#8211; F\u00e9nyk\u00e9palbum"}]},{"@type":"WebSite","@id":"https:\/\/www.ungarn-in-sachsen.de\/hu\/#website","url":"https:\/\/www.ungarn-in-sachsen.de\/hu\/","name":"Ungarischer Kulturverein Chemnitz und Umgebung e. V.","description":"Treffpunkt f\u00fcr Freunde der ungarischen Kultur","publisher":{"@id":"https:\/\/www.ungarn-in-sachsen.de\/hu\/#organization"},"potentialAction":[{"@type":"SearchAction","target":{"@type":"EntryPoint","urlTemplate":"https:\/\/www.ungarn-in-sachsen.de\/hu\/?s={search_term_string}"},"query-input":{"@type":"PropertyValueSpecification","valueRequired":true,"valueName":"search_term_string"}}],"inLanguage":"hu"},{"@type":"Organization","@id":"https:\/\/www.ungarn-in-sachsen.de\/hu\/#organization","name":"Ungarischer Kulturverein Chemnitz und Umgebung e.V.","url":"https:\/\/www.ungarn-in-sachsen.de\/hu\/","logo":{"@type":"ImageObject","inLanguage":"hu","@id":"https:\/\/www.ungarn-in-sachsen.de\/hu\/#\/schema\/logo\/image\/","url":"https:\/\/www.ungarn-in-sachsen.de\/wp-content\/uploads\/2019\/04\/logo.jpg","contentUrl":"https:\/\/www.ungarn-in-sachsen.de\/wp-content\/uploads\/2019\/04\/logo.jpg","width":266,"height":170,"caption":"Ungarischer Kulturverein Chemnitz und Umgebung e.V."},"image":{"@id":"https:\/\/www.ungarn-in-sachsen.de\/hu\/#\/schema\/logo\/image\/"},"sameAs":["https:\/\/www.facebook.com\/Ungarischer-Kulturverein-Chemnitz-und-Umgebung-eV-229421257171599\/"]},{"@type":"Person","@id":"https:\/\/www.ungarn-in-sachsen.de\/hu\/#\/schema\/person\/0cc99cf254a649b6bda5b97afe4d2c1a","name":"Andr\u00e9","url":"https:\/\/www.ungarn-in-sachsen.de\/hu\/author\/horvbaer\/"}]}},"_links":{"self":[{"href":"https:\/\/www.ungarn-in-sachsen.de\/hu\/wp-json\/wp\/v2\/posts\/3115","targetHints":{"allow":["GET"]}}],"collection":[{"href":"https:\/\/www.ungarn-in-sachsen.de\/hu\/wp-json\/wp\/v2\/posts"}],"about":[{"href":"https:\/\/www.ungarn-in-sachsen.de\/hu\/wp-json\/wp\/v2\/types\/post"}],"author":[{"embeddable":true,"href":"https:\/\/www.ungarn-in-sachsen.de\/hu\/wp-json\/wp\/v2\/users\/1"}],"replies":[{"embeddable":true,"href":"https:\/\/www.ungarn-in-sachsen.de\/hu\/wp-json\/wp\/v2\/comments?post=3115"}],"version-history":[{"count":0,"href":"https:\/\/www.ungarn-in-sachsen.de\/hu\/wp-json\/wp\/v2\/posts\/3115\/revisions"}],"wp:attachment":[{"href":"https:\/\/www.ungarn-in-sachsen.de\/hu\/wp-json\/wp\/v2\/media?parent=3115"}],"wp:term":[{"taxonomy":"category","embeddable":true,"href":"https:\/\/www.ungarn-in-sachsen.de\/hu\/wp-json\/wp\/v2\/categories?post=3115"},{"taxonomy":"post_tag","embeddable":true,"href":"https:\/\/www.ungarn-in-sachsen.de\/hu\/wp-json\/wp\/v2\/tags?post=3115"}],"curies":[{"name":"wp","href":"https:\/\/api.w.org\/{rel}","templated":true}]}}