{"id":3228,"date":"2019-07-23T20:07:54","date_gmt":"2019-07-23T18:07:54","guid":{"rendered":"http:\/\/www.ungarn-in-sachsen.de\/grosser-auflauf-am-wall-internationale-bikergruppe-zu-gast-in-chemnitz\/"},"modified":"2025-08-23T18:40:25","modified_gmt":"2025-08-23T16:40:25","slug":"grosser-auflauf-am-wall-internationale-bikergruppe-zu-gast-in-chemnitz","status":"publish","type":"post","link":"https:\/\/www.ungarn-in-sachsen.de\/hu\/grosser-auflauf-am-wall-internationale-bikergruppe-zu-gast-in-chemnitz\/","title":{"rendered":"Nagy t\u00f6meg a faln\u00e1l: nemzetk\u00f6zi motoros csoport l\u00e1togatott Chemnitzbe"},"content":{"rendered":"<p>[et_pb_section fb_built=&#8221;1&#8243; _builder_version=&#8221;4.16&#8243; global_colors_info=&#8221;{}&#8221;][et_pb_row _builder_version=&#8221;4.16&#8243; background_size=&#8221;initial&#8221; background_position=&#8221;top_left&#8221; background_repeat=&#8221;repeat&#8221; global_colors_info=&#8221;{}&#8221;][et_pb_column type=&#8221;4_4&#8243; _builder_version=&#8221;4.16&#8243; custom_padding=&#8221;|||&#8221; global_colors_info=&#8221;{}&#8221; custom_padding__hover=&#8221;|||&#8221;][et_pb_text _builder_version=&#8221;4.16&#8243; background_size=&#8221;initial&#8221; background_position=&#8221;top_left&#8221; background_repeat=&#8221;repeat&#8221; global_colors_info=&#8221;{}&#8221;]<!--:de-->K\u00f6r\u00fclbel\u00fcl 80 motoros \u00e9rkezett szombaton Magyarorsz\u00e1gr\u00f3l, Ausztri\u00e1b\u00f3l, Szlov\u00e1ki\u00e1b\u00f3l, Rom\u00e1ni\u00e1b\u00f3l \u00e9s N\u00e9metorsz\u00e1gb\u00f3l a Chemnitz \u00e9s k\u00f6rny\u00e9ke Magyar Kultur\u00e1lis Egyes\u00fclet megh\u00edv\u00e1s\u00e1ra az Am Wall parkba. A l\u00e1togat\u00e1s aprop\u00f3ja a \u201eVerwurzelt in Chemnitz\u201d (Gy\u00f6kerek Chemnitzben) projekt volt, amelynek keret\u00e9ben az egyes\u00fclet Etelka Kobu\u00df v\u00e1rosi k\u00fclf\u00f6ldiek\u00e9rt felel\u0151s megb\u00edzott v\u00e9dn\u00f6ks\u00e9ge alatt \u00e1prilisban egy f\u00e1t \u00fcltetett a kor\u00e1bbi magyar szerz\u0151d\u00e9ses munk\u00e1sok eml\u00e9k\u00e9re. A magyar vend\u00e9gek nem hagyt\u00e1k ki a lehet\u0151s\u00e9get, hogy a \u201ebar\u00e1ts\u00e1g f\u00e1j\u00e1t\u201d, amelyet el\u0151z\u0151leg haz\u00e1jukb\u00f3l hozott f\u00f6lddel bor\u00edtottak be, szimbolikusan meg\u00f6nt\u00f6zz\u00e9k a k\u00edv\u00e1ncsi chemnitzi lakosok \u00e9rdekl\u0151d\u0151 tekintetei el\u0151tt. A Neumarkt t\u00e9ren tal\u00e1lhat\u00f3 Turmbrauhaus s\u00f6rkertj\u00e9ben elfogyasztott eb\u00e9d ut\u00e1n a csoport m\u00e9g egy fot\u00f3z\u00e1sra is elment a Karl Marx-eml\u00e9km\u0171 el\u0151tt, miel\u0151tt hazautazott.   <\/p>\n<h3>Magyar motorosok Chemnitzben<\/h3>\n\n\t\t<style type=\"text\/css\">\n\t\t\t#gallery-1 {\n\t\t\t\tmargin: auto;\n\t\t\t}\n\t\t\t#gallery-1 .gallery-item {\n\t\t\t\tfloat: left;\n\t\t\t\tmargin-top: 10px;\n\t\t\t\ttext-align: center;\n\t\t\t\twidth: 25%;\n\t\t\t}\n\t\t\t#gallery-1 img {\n\t\t\t\tborder: 2px solid #cfcfcf;\n\t\t\t}\n\t\t\t#gallery-1 .gallery-caption {\n\t\t\t\tmargin-left: 0;\n\t\t\t}\n\t\t\t\/* see gallery_shortcode() in wp-includes\/media.php *\/\n\t\t<\/style>\n\t\t<div id='gallery-1' class='gallery galleryid-3228 gallery-columns-4 gallery-size-thumbnail'><dl class='gallery-item'>\n\t\t\t<dt class='gallery-icon landscape'>\n\t\t\t\t<a href='https:\/\/www.ungarn-in-sachsen.de\/wp-content\/uploads\/2013\/07\/8889.jpg'><img loading=\"lazy\" decoding=\"async\" width=\"150\" height=\"99\" src=\"https:\/\/www.ungarn-in-sachsen.de\/wp-content\/uploads\/2013\/07\/8889-150x99.jpg\" class=\"attachment-thumbnail size-thumbnail\" alt=\"\" srcset=\"https:\/\/www.ungarn-in-sachsen.de\/wp-content\/uploads\/2013\/07\/8889-150x99.jpg 150w, https:\/\/www.ungarn-in-sachsen.de\/wp-content\/uploads\/2013\/07\/8889-300x199.jpg 300w, https:\/\/www.ungarn-in-sachsen.de\/wp-content\/uploads\/2013\/07\/8889-1024x682.jpg 1024w, https:\/\/www.ungarn-in-sachsen.de\/wp-content\/uploads\/2013\/07\/8889-700x466.jpg 700w, https:\/\/www.ungarn-in-sachsen.de\/wp-content\/uploads\/2013\/07\/8889-332x221.jpg 332w, https:\/\/www.ungarn-in-sachsen.de\/wp-content\/uploads\/2013\/07\/8889.jpg 1772w\" sizes=\"(max-width: 150px) 100vw, 150px\" \/><\/a>\n\t\t\t<\/dt><\/dl><dl class='gallery-item'>\n\t\t\t<dt class='gallery-icon landscape'>\n\t\t\t\t<a href='https:\/\/www.ungarn-in-sachsen.de\/wp-content\/uploads\/2013\/07\/21052011012.jpg'><img loading=\"lazy\" decoding=\"async\" width=\"150\" height=\"112\" src=\"https:\/\/www.ungarn-in-sachsen.de\/wp-content\/uploads\/2013\/07\/21052011012-150x112.jpg\" class=\"attachment-thumbnail size-thumbnail\" alt=\"\" srcset=\"https:\/\/www.ungarn-in-sachsen.de\/wp-content\/uploads\/2013\/07\/21052011012-150x112.jpg 150w, https:\/\/www.ungarn-in-sachsen.de\/wp-content\/uploads\/2013\/07\/21052011012-300x225.jpg 300w, https:\/\/www.ungarn-in-sachsen.de\/wp-content\/uploads\/2013\/07\/21052011012-1024x768.jpg 1024w, https:\/\/www.ungarn-in-sachsen.de\/wp-content\/uploads\/2013\/07\/21052011012-700x525.jpg 700w, https:\/\/www.ungarn-in-sachsen.de\/wp-content\/uploads\/2013\/07\/21052011012-332x249.jpg 332w\" sizes=\"(max-width: 150px) 100vw, 150px\" \/><\/a>\n\t\t\t<\/dt><\/dl><dl class='gallery-item'>\n\t\t\t<dt class='gallery-icon landscape'>\n\t\t\t\t<a href='https:\/\/www.ungarn-in-sachsen.de\/wp-content\/uploads\/2013\/07\/21052011014.jpg'><img loading=\"lazy\" decoding=\"async\" width=\"150\" height=\"112\" src=\"https:\/\/www.ungarn-in-sachsen.de\/wp-content\/uploads\/2013\/07\/21052011014-150x112.jpg\" class=\"attachment-thumbnail size-thumbnail\" alt=\"\" srcset=\"https:\/\/www.ungarn-in-sachsen.de\/wp-content\/uploads\/2013\/07\/21052011014-150x112.jpg 150w, https:\/\/www.ungarn-in-sachsen.de\/wp-content\/uploads\/2013\/07\/21052011014-300x225.jpg 300w, https:\/\/www.ungarn-in-sachsen.de\/wp-content\/uploads\/2013\/07\/21052011014-1024x768.jpg 1024w, https:\/\/www.ungarn-in-sachsen.de\/wp-content\/uploads\/2013\/07\/21052011014-700x525.jpg 700w, https:\/\/www.ungarn-in-sachsen.de\/wp-content\/uploads\/2013\/07\/21052011014-332x249.jpg 332w\" sizes=\"(max-width: 150px) 100vw, 150px\" \/><\/a>\n\t\t\t<\/dt><\/dl><dl class='gallery-item'>\n\t\t\t<dt class='gallery-icon landscape'>\n\t\t\t\t<a href='https:\/\/www.ungarn-in-sachsen.de\/wp-content\/uploads\/2013\/07\/8844.jpg'><img loading=\"lazy\" decoding=\"async\" width=\"150\" height=\"99\" src=\"https:\/\/www.ungarn-in-sachsen.de\/wp-content\/uploads\/2013\/07\/8844-150x99.jpg\" class=\"attachment-thumbnail size-thumbnail\" alt=\"\" srcset=\"https:\/\/www.ungarn-in-sachsen.de\/wp-content\/uploads\/2013\/07\/8844-150x99.jpg 150w, https:\/\/www.ungarn-in-sachsen.de\/wp-content\/uploads\/2013\/07\/8844-300x199.jpg 300w, https:\/\/www.ungarn-in-sachsen.de\/wp-content\/uploads\/2013\/07\/8844-1024x682.jpg 1024w, https:\/\/www.ungarn-in-sachsen.de\/wp-content\/uploads\/2013\/07\/8844-700x466.jpg 700w, https:\/\/www.ungarn-in-sachsen.de\/wp-content\/uploads\/2013\/07\/8844-332x221.jpg 332w, https:\/\/www.ungarn-in-sachsen.de\/wp-content\/uploads\/2013\/07\/8844.jpg 1772w\" sizes=\"(max-width: 150px) 100vw, 150px\" \/><\/a>\n\t\t\t<\/dt><\/dl><br style=\"clear: both\" \/><dl class='gallery-item'>\n\t\t\t<dt class='gallery-icon landscape'>\n\t\t\t\t<a href='https:\/\/www.ungarn-in-sachsen.de\/wp-content\/uploads\/2013\/07\/8855.jpg'><img loading=\"lazy\" decoding=\"async\" width=\"150\" height=\"99\" src=\"https:\/\/www.ungarn-in-sachsen.de\/wp-content\/uploads\/2013\/07\/8855-150x99.jpg\" class=\"attachment-thumbnail size-thumbnail\" alt=\"\" srcset=\"https:\/\/www.ungarn-in-sachsen.de\/wp-content\/uploads\/2013\/07\/8855-150x99.jpg 150w, https:\/\/www.ungarn-in-sachsen.de\/wp-content\/uploads\/2013\/07\/8855-300x199.jpg 300w, https:\/\/www.ungarn-in-sachsen.de\/wp-content\/uploads\/2013\/07\/8855-1024x682.jpg 1024w, https:\/\/www.ungarn-in-sachsen.de\/wp-content\/uploads\/2013\/07\/8855-700x466.jpg 700w, https:\/\/www.ungarn-in-sachsen.de\/wp-content\/uploads\/2013\/07\/8855-332x221.jpg 332w, https:\/\/www.ungarn-in-sachsen.de\/wp-content\/uploads\/2013\/07\/8855.jpg 1772w\" sizes=\"(max-width: 150px) 100vw, 150px\" \/><\/a>\n\t\t\t<\/dt><\/dl>\n\t\t\t<br style='clear: both' \/>\n\t\t<\/div>\n\n<p><!--:-->&nbsp;<br \/>\n[\/et_pb_text][\/et_pb_column][\/et_pb_row][\/et_pb_section]<\/p>\n","protected":false},"excerpt":{"rendered":"<p>K\u00f6r\u00fclbel\u00fcl 80 motoros \u00e9rkezett szombaton Magyarorsz\u00e1gr\u00f3l, Ausztri\u00e1b\u00f3l, Szlov\u00e1ki\u00e1b\u00f3l, Rom\u00e1ni\u00e1b\u00f3l \u00e9s N\u00e9metorsz\u00e1gb\u00f3l a Chemnitz \u00e9s k\u00f6rny\u00e9ke Magyar Kultur\u00e1lis Egyes\u00fclet megh\u00edv\u00e1s\u00e1ra az Am Wall parkba. A l\u00e1togat\u00e1s aprop\u00f3ja a \u201eVerwurzelt in Chemnitz\u201d [&hellip;]<\/p>\n","protected":false},"author":1,"featured_media":0,"comment_status":"closed","ping_status":"closed","sticky":false,"template":"","format":"standard","meta":{"_et_pb_use_builder":"on","_et_pb_old_content":"","_et_gb_content_width":"","footnotes":""},"categories":[75],"tags":[],"class_list":["post-3228","post","type-post","status-publish","format-standard","hentry","category-gyoekeret-eresztett-chemnitzben"],"yoast_head":"<!-- This site is optimized with the Yoast SEO plugin v27.4 - https:\/\/yoast.com\/product\/yoast-seo-wordpress\/ -->\n<title>Nagy t\u00f6meg a faln\u00e1l: nemzetk\u00f6zi motoros csoport l\u00e1togatott Chemnitzbe - Ungarischer Kulturverein Chemnitz und Umgebung e. V.<\/title>\n<meta name=\"robots\" content=\"index, follow, max-snippet:-1, max-image-preview:large, max-video-preview:-1\" \/>\n<link rel=\"canonical\" href=\"https:\/\/www.ungarn-in-sachsen.de\/hu\/grosser-auflauf-am-wall-internationale-bikergruppe-zu-gast-in-chemnitz\/\" \/>\n<meta property=\"og:locale\" content=\"hu_HU\" \/>\n<meta property=\"og:type\" content=\"article\" \/>\n<meta property=\"og:title\" content=\"Nagy t\u00f6meg a faln\u00e1l: nemzetk\u00f6zi motoros csoport l\u00e1togatott Chemnitzbe - Ungarischer Kulturverein Chemnitz und Umgebung e. V.\" \/>\n<meta property=\"og:description\" content=\"K\u00f6r\u00fclbel\u00fcl 80 motoros \u00e9rkezett szombaton Magyarorsz\u00e1gr\u00f3l, Ausztri\u00e1b\u00f3l, Szlov\u00e1ki\u00e1b\u00f3l, Rom\u00e1ni\u00e1b\u00f3l \u00e9s N\u00e9metorsz\u00e1gb\u00f3l a Chemnitz \u00e9s k\u00f6rny\u00e9ke Magyar Kultur\u00e1lis Egyes\u00fclet megh\u00edv\u00e1s\u00e1ra az Am Wall parkba. A l\u00e1togat\u00e1s aprop\u00f3ja a \u201eVerwurzelt in Chemnitz\u201d [&hellip;]\" \/>\n<meta property=\"og:url\" content=\"https:\/\/www.ungarn-in-sachsen.de\/hu\/grosser-auflauf-am-wall-internationale-bikergruppe-zu-gast-in-chemnitz\/\" \/>\n<meta property=\"og:site_name\" content=\"Ungarischer Kulturverein Chemnitz und Umgebung e. V.\" \/>\n<meta property=\"article:publisher\" content=\"https:\/\/www.facebook.com\/Ungarischer-Kulturverein-Chemnitz-und-Umgebung-eV-229421257171599\/\" \/>\n<meta property=\"article:published_time\" content=\"2019-07-23T18:07:54+00:00\" \/>\n<meta property=\"article:modified_time\" content=\"2025-08-23T16:40:25+00:00\" \/>\n<meta property=\"og:image\" content=\"https:\/\/www.ungarn-in-sachsen.de\/wp-content\/uploads\/2013\/07\/8889-150x99.jpg\" \/>\n<meta name=\"author\" content=\"Andr\u00e9\" \/>\n<meta name=\"twitter:card\" content=\"summary_large_image\" \/>\n<meta name=\"twitter:label1\" content=\"Szerz\u0151:\" \/>\n\t<meta name=\"twitter:data1\" content=\"Andr\u00e9\" \/>\n\t<meta name=\"twitter:label2\" content=\"Becs\u00fclt olvas\u00e1si id\u0151\" \/>\n\t<meta name=\"twitter:data2\" content=\"1 perc\" \/>\n<script type=\"application\/ld+json\" class=\"yoast-schema-graph\">{\"@context\":\"https:\\\/\\\/schema.org\",\"@graph\":[{\"@type\":\"Article\",\"@id\":\"https:\\\/\\\/www.ungarn-in-sachsen.de\\\/hu\\\/grosser-auflauf-am-wall-internationale-bikergruppe-zu-gast-in-chemnitz\\\/#article\",\"isPartOf\":{\"@id\":\"https:\\\/\\\/www.ungarn-in-sachsen.de\\\/hu\\\/grosser-auflauf-am-wall-internationale-bikergruppe-zu-gast-in-chemnitz\\\/\"},\"author\":{\"name\":\"Andr\u00e9\",\"@id\":\"https:\\\/\\\/www.ungarn-in-sachsen.de\\\/hu\\\/#\\\/schema\\\/person\\\/0cc99cf254a649b6bda5b97afe4d2c1a\"},\"headline\":\"Nagy t\u00f6meg a faln\u00e1l: nemzetk\u00f6zi motoros csoport l\u00e1togatott Chemnitzbe\",\"datePublished\":\"2019-07-23T18:07:54+00:00\",\"dateModified\":\"2025-08-23T16:40:25+00:00\",\"mainEntityOfPage\":{\"@id\":\"https:\\\/\\\/www.ungarn-in-sachsen.de\\\/hu\\\/grosser-auflauf-am-wall-internationale-bikergruppe-zu-gast-in-chemnitz\\\/\"},\"wordCount\":277,\"publisher\":{\"@id\":\"https:\\\/\\\/www.ungarn-in-sachsen.de\\\/hu\\\/#organization\"},\"articleSection\":[\"Gy\u00f6keret eresztett Chemnitzben\"],\"inLanguage\":\"hu\"},{\"@type\":\"WebPage\",\"@id\":\"https:\\\/\\\/www.ungarn-in-sachsen.de\\\/hu\\\/grosser-auflauf-am-wall-internationale-bikergruppe-zu-gast-in-chemnitz\\\/\",\"url\":\"https:\\\/\\\/www.ungarn-in-sachsen.de\\\/hu\\\/grosser-auflauf-am-wall-internationale-bikergruppe-zu-gast-in-chemnitz\\\/\",\"name\":\"Nagy t\u00f6meg a faln\u00e1l: nemzetk\u00f6zi motoros csoport l\u00e1togatott Chemnitzbe - Ungarischer Kulturverein Chemnitz und Umgebung e. V.\",\"isPartOf\":{\"@id\":\"https:\\\/\\\/www.ungarn-in-sachsen.de\\\/hu\\\/#website\"},\"datePublished\":\"2019-07-23T18:07:54+00:00\",\"dateModified\":\"2025-08-23T16:40:25+00:00\",\"breadcrumb\":{\"@id\":\"https:\\\/\\\/www.ungarn-in-sachsen.de\\\/hu\\\/grosser-auflauf-am-wall-internationale-bikergruppe-zu-gast-in-chemnitz\\\/#breadcrumb\"},\"inLanguage\":\"hu\",\"potentialAction\":[{\"@type\":\"ReadAction\",\"target\":[\"https:\\\/\\\/www.ungarn-in-sachsen.de\\\/hu\\\/grosser-auflauf-am-wall-internationale-bikergruppe-zu-gast-in-chemnitz\\\/\"]}]},{\"@type\":\"BreadcrumbList\",\"@id\":\"https:\\\/\\\/www.ungarn-in-sachsen.de\\\/hu\\\/grosser-auflauf-am-wall-internationale-bikergruppe-zu-gast-in-chemnitz\\\/#breadcrumb\",\"itemListElement\":[{\"@type\":\"ListItem\",\"position\":1,\"name\":\"Startseite\",\"item\":\"https:\\\/\\\/www.ungarn-in-sachsen.de\\\/hu\\\/\"},{\"@type\":\"ListItem\",\"position\":2,\"name\":\"Nagy t\u00f6meg a faln\u00e1l: nemzetk\u00f6zi motoros csoport l\u00e1togatott Chemnitzbe\"}]},{\"@type\":\"WebSite\",\"@id\":\"https:\\\/\\\/www.ungarn-in-sachsen.de\\\/hu\\\/#website\",\"url\":\"https:\\\/\\\/www.ungarn-in-sachsen.de\\\/hu\\\/\",\"name\":\"Ungarischer Kulturverein Chemnitz und Umgebung e. V.\",\"description\":\"Treffpunkt f\u00fcr Freunde der ungarischen Kultur\",\"publisher\":{\"@id\":\"https:\\\/\\\/www.ungarn-in-sachsen.de\\\/hu\\\/#organization\"},\"potentialAction\":[{\"@type\":\"SearchAction\",\"target\":{\"@type\":\"EntryPoint\",\"urlTemplate\":\"https:\\\/\\\/www.ungarn-in-sachsen.de\\\/hu\\\/?s={search_term_string}\"},\"query-input\":{\"@type\":\"PropertyValueSpecification\",\"valueRequired\":true,\"valueName\":\"search_term_string\"}}],\"inLanguage\":\"hu\"},{\"@type\":\"Organization\",\"@id\":\"https:\\\/\\\/www.ungarn-in-sachsen.de\\\/hu\\\/#organization\",\"name\":\"Ungarischer Kulturverein Chemnitz und Umgebung e.V.\",\"url\":\"https:\\\/\\\/www.ungarn-in-sachsen.de\\\/hu\\\/\",\"logo\":{\"@type\":\"ImageObject\",\"inLanguage\":\"hu\",\"@id\":\"https:\\\/\\\/www.ungarn-in-sachsen.de\\\/hu\\\/#\\\/schema\\\/logo\\\/image\\\/\",\"url\":\"https:\\\/\\\/www.ungarn-in-sachsen.de\\\/wp-content\\\/uploads\\\/2019\\\/04\\\/logo.jpg\",\"contentUrl\":\"https:\\\/\\\/www.ungarn-in-sachsen.de\\\/wp-content\\\/uploads\\\/2019\\\/04\\\/logo.jpg\",\"width\":266,\"height\":170,\"caption\":\"Ungarischer Kulturverein Chemnitz und Umgebung e.V.\"},\"image\":{\"@id\":\"https:\\\/\\\/www.ungarn-in-sachsen.de\\\/hu\\\/#\\\/schema\\\/logo\\\/image\\\/\"},\"sameAs\":[\"https:\\\/\\\/www.facebook.com\\\/Ungarischer-Kulturverein-Chemnitz-und-Umgebung-eV-229421257171599\\\/\"]},{\"@type\":\"Person\",\"@id\":\"https:\\\/\\\/www.ungarn-in-sachsen.de\\\/hu\\\/#\\\/schema\\\/person\\\/0cc99cf254a649b6bda5b97afe4d2c1a\",\"name\":\"Andr\u00e9\",\"url\":\"https:\\\/\\\/www.ungarn-in-sachsen.de\\\/hu\\\/author\\\/horvbaer\\\/\"}]}<\/script>\n<!-- \/ Yoast SEO plugin. -->","yoast_head_json":{"title":"Nagy t\u00f6meg a faln\u00e1l: nemzetk\u00f6zi motoros csoport l\u00e1togatott Chemnitzbe - Ungarischer Kulturverein Chemnitz und Umgebung e. V.","robots":{"index":"index","follow":"follow","max-snippet":"max-snippet:-1","max-image-preview":"max-image-preview:large","max-video-preview":"max-video-preview:-1"},"canonical":"https:\/\/www.ungarn-in-sachsen.de\/hu\/grosser-auflauf-am-wall-internationale-bikergruppe-zu-gast-in-chemnitz\/","og_locale":"hu_HU","og_type":"article","og_title":"Nagy t\u00f6meg a faln\u00e1l: nemzetk\u00f6zi motoros csoport l\u00e1togatott Chemnitzbe - Ungarischer Kulturverein Chemnitz und Umgebung e. V.","og_description":"K\u00f6r\u00fclbel\u00fcl 80 motoros \u00e9rkezett szombaton Magyarorsz\u00e1gr\u00f3l, Ausztri\u00e1b\u00f3l, Szlov\u00e1ki\u00e1b\u00f3l, Rom\u00e1ni\u00e1b\u00f3l \u00e9s N\u00e9metorsz\u00e1gb\u00f3l a Chemnitz \u00e9s k\u00f6rny\u00e9ke Magyar Kultur\u00e1lis Egyes\u00fclet megh\u00edv\u00e1s\u00e1ra az Am Wall parkba. A l\u00e1togat\u00e1s aprop\u00f3ja a \u201eVerwurzelt in Chemnitz\u201d [&hellip;]","og_url":"https:\/\/www.ungarn-in-sachsen.de\/hu\/grosser-auflauf-am-wall-internationale-bikergruppe-zu-gast-in-chemnitz\/","og_site_name":"Ungarischer Kulturverein Chemnitz und Umgebung e. V.","article_publisher":"https:\/\/www.facebook.com\/Ungarischer-Kulturverein-Chemnitz-und-Umgebung-eV-229421257171599\/","article_published_time":"2019-07-23T18:07:54+00:00","article_modified_time":"2025-08-23T16:40:25+00:00","og_image":[{"url":"https:\/\/www.ungarn-in-sachsen.de\/wp-content\/uploads\/2013\/07\/8889-150x99.jpg","type":"","width":"","height":""}],"author":"Andr\u00e9","twitter_card":"summary_large_image","twitter_misc":{"Szerz\u0151:":"Andr\u00e9","Becs\u00fclt olvas\u00e1si id\u0151":"1 perc"},"schema":{"@context":"https:\/\/schema.org","@graph":[{"@type":"Article","@id":"https:\/\/www.ungarn-in-sachsen.de\/hu\/grosser-auflauf-am-wall-internationale-bikergruppe-zu-gast-in-chemnitz\/#article","isPartOf":{"@id":"https:\/\/www.ungarn-in-sachsen.de\/hu\/grosser-auflauf-am-wall-internationale-bikergruppe-zu-gast-in-chemnitz\/"},"author":{"name":"Andr\u00e9","@id":"https:\/\/www.ungarn-in-sachsen.de\/hu\/#\/schema\/person\/0cc99cf254a649b6bda5b97afe4d2c1a"},"headline":"Nagy t\u00f6meg a faln\u00e1l: nemzetk\u00f6zi motoros csoport l\u00e1togatott Chemnitzbe","datePublished":"2019-07-23T18:07:54+00:00","dateModified":"2025-08-23T16:40:25+00:00","mainEntityOfPage":{"@id":"https:\/\/www.ungarn-in-sachsen.de\/hu\/grosser-auflauf-am-wall-internationale-bikergruppe-zu-gast-in-chemnitz\/"},"wordCount":277,"publisher":{"@id":"https:\/\/www.ungarn-in-sachsen.de\/hu\/#organization"},"articleSection":["Gy\u00f6keret eresztett Chemnitzben"],"inLanguage":"hu"},{"@type":"WebPage","@id":"https:\/\/www.ungarn-in-sachsen.de\/hu\/grosser-auflauf-am-wall-internationale-bikergruppe-zu-gast-in-chemnitz\/","url":"https:\/\/www.ungarn-in-sachsen.de\/hu\/grosser-auflauf-am-wall-internationale-bikergruppe-zu-gast-in-chemnitz\/","name":"Nagy t\u00f6meg a faln\u00e1l: nemzetk\u00f6zi motoros csoport l\u00e1togatott Chemnitzbe - Ungarischer Kulturverein Chemnitz und Umgebung e. V.","isPartOf":{"@id":"https:\/\/www.ungarn-in-sachsen.de\/hu\/#website"},"datePublished":"2019-07-23T18:07:54+00:00","dateModified":"2025-08-23T16:40:25+00:00","breadcrumb":{"@id":"https:\/\/www.ungarn-in-sachsen.de\/hu\/grosser-auflauf-am-wall-internationale-bikergruppe-zu-gast-in-chemnitz\/#breadcrumb"},"inLanguage":"hu","potentialAction":[{"@type":"ReadAction","target":["https:\/\/www.ungarn-in-sachsen.de\/hu\/grosser-auflauf-am-wall-internationale-bikergruppe-zu-gast-in-chemnitz\/"]}]},{"@type":"BreadcrumbList","@id":"https:\/\/www.ungarn-in-sachsen.de\/hu\/grosser-auflauf-am-wall-internationale-bikergruppe-zu-gast-in-chemnitz\/#breadcrumb","itemListElement":[{"@type":"ListItem","position":1,"name":"Startseite","item":"https:\/\/www.ungarn-in-sachsen.de\/hu\/"},{"@type":"ListItem","position":2,"name":"Nagy t\u00f6meg a faln\u00e1l: nemzetk\u00f6zi motoros csoport l\u00e1togatott Chemnitzbe"}]},{"@type":"WebSite","@id":"https:\/\/www.ungarn-in-sachsen.de\/hu\/#website","url":"https:\/\/www.ungarn-in-sachsen.de\/hu\/","name":"Ungarischer Kulturverein Chemnitz und Umgebung e. V.","description":"Treffpunkt f\u00fcr Freunde der ungarischen Kultur","publisher":{"@id":"https:\/\/www.ungarn-in-sachsen.de\/hu\/#organization"},"potentialAction":[{"@type":"SearchAction","target":{"@type":"EntryPoint","urlTemplate":"https:\/\/www.ungarn-in-sachsen.de\/hu\/?s={search_term_string}"},"query-input":{"@type":"PropertyValueSpecification","valueRequired":true,"valueName":"search_term_string"}}],"inLanguage":"hu"},{"@type":"Organization","@id":"https:\/\/www.ungarn-in-sachsen.de\/hu\/#organization","name":"Ungarischer Kulturverein Chemnitz und Umgebung e.V.","url":"https:\/\/www.ungarn-in-sachsen.de\/hu\/","logo":{"@type":"ImageObject","inLanguage":"hu","@id":"https:\/\/www.ungarn-in-sachsen.de\/hu\/#\/schema\/logo\/image\/","url":"https:\/\/www.ungarn-in-sachsen.de\/wp-content\/uploads\/2019\/04\/logo.jpg","contentUrl":"https:\/\/www.ungarn-in-sachsen.de\/wp-content\/uploads\/2019\/04\/logo.jpg","width":266,"height":170,"caption":"Ungarischer Kulturverein Chemnitz und Umgebung e.V."},"image":{"@id":"https:\/\/www.ungarn-in-sachsen.de\/hu\/#\/schema\/logo\/image\/"},"sameAs":["https:\/\/www.facebook.com\/Ungarischer-Kulturverein-Chemnitz-und-Umgebung-eV-229421257171599\/"]},{"@type":"Person","@id":"https:\/\/www.ungarn-in-sachsen.de\/hu\/#\/schema\/person\/0cc99cf254a649b6bda5b97afe4d2c1a","name":"Andr\u00e9","url":"https:\/\/www.ungarn-in-sachsen.de\/hu\/author\/horvbaer\/"}]}},"_links":{"self":[{"href":"https:\/\/www.ungarn-in-sachsen.de\/hu\/wp-json\/wp\/v2\/posts\/3228","targetHints":{"allow":["GET"]}}],"collection":[{"href":"https:\/\/www.ungarn-in-sachsen.de\/hu\/wp-json\/wp\/v2\/posts"}],"about":[{"href":"https:\/\/www.ungarn-in-sachsen.de\/hu\/wp-json\/wp\/v2\/types\/post"}],"author":[{"embeddable":true,"href":"https:\/\/www.ungarn-in-sachsen.de\/hu\/wp-json\/wp\/v2\/users\/1"}],"replies":[{"embeddable":true,"href":"https:\/\/www.ungarn-in-sachsen.de\/hu\/wp-json\/wp\/v2\/comments?post=3228"}],"version-history":[{"count":0,"href":"https:\/\/www.ungarn-in-sachsen.de\/hu\/wp-json\/wp\/v2\/posts\/3228\/revisions"}],"wp:attachment":[{"href":"https:\/\/www.ungarn-in-sachsen.de\/hu\/wp-json\/wp\/v2\/media?parent=3228"}],"wp:term":[{"taxonomy":"category","embeddable":true,"href":"https:\/\/www.ungarn-in-sachsen.de\/hu\/wp-json\/wp\/v2\/categories?post=3228"},{"taxonomy":"post_tag","embeddable":true,"href":"https:\/\/www.ungarn-in-sachsen.de\/hu\/wp-json\/wp\/v2\/tags?post=3228"}],"curies":[{"name":"wp","href":"https:\/\/api.w.org\/{rel}","templated":true}]}}