{"id":35068,"date":"2025-08-23T18:03:20","date_gmt":"2025-08-23T16:03:20","guid":{"rendered":"https:\/\/www.ungarn-in-sachsen.de\/interkulturalis-hetek-chemnitzben\/"},"modified":"2025-08-23T18:03:33","modified_gmt":"2025-08-23T16:03:33","slug":"interkulturalis-hetek-chemnitzben","status":"publish","type":"post","link":"https:\/\/www.ungarn-in-sachsen.de\/hu\/interkulturalis-hetek-chemnitzben\/","title":{"rendered":"Interkultur\u00e1lis hetek Chemnitzben"},"content":{"rendered":"<p>[et_pb_section fb_built=&#8221;1&#8243; _builder_version=&#8221;4.16&#8243; global_colors_info=&#8221;{}&#8221;][et_pb_row _builder_version=&#8221;4.16&#8243; background_size=&#8221;initial&#8221; background_position=&#8221;top_left&#8221; background_repeat=&#8221;repeat&#8221; global_colors_info=&#8221;{}&#8221;][et_pb_column type=&#8221;4_4&#8243; _builder_version=&#8221;4.16&#8243; custom_padding=&#8221;|||&#8221; global_colors_info=&#8221;{}&#8221; custom_padding__hover=&#8221;|||&#8221;][et_pb_text _builder_version=&#8221;4.16&#8243; background_size=&#8221;initial&#8221; background_position=&#8221;top_left&#8221; background_repeat=&#8221;repeat&#8221; global_colors_info=&#8221;{}&#8221;]<!--:de-->Az Interkultur\u00e1lis H\u00e9tre 2016. szeptember 17. \u00e9s okt\u00f3ber 2. k\u00f6z\u00f6tt ker\u00fcl sor Chemnitzben.<\/p>\n<p>Term\u00e9szetesen a Magyar Kultur\u00e1lis Sz\u00f6vets\u00e9g is ott lesz.<\/p>\n<p>2016. szeptember 17-\u00e9n inform\u00e1ci\u00f3s standunk lesz, ahol mindent megtudhat Magyarorsz\u00e1gr\u00f3l.<\/p>\n<p>\u00c9tkeztet\u00e9s is biztos\u00edtott. Magyar kolb\u00e1szt k\u00edn\u00e1lunk zseml\u00e9vel.<\/p>\n<p><strong>A h\u00e9t r\u00e9szek\u00e9nt 2016. szeptember 25-\u00e9n 16 \u00f3r\u00e1t\u00f3l sz\u00f3kincs &#8211; nyelvi j\u00e1t\u00e9k lesz a magyar nyelv saj\u00e1toss\u00e1gair\u00f3l.<\/strong><\/p>\n<p>Ezt a Chemnitz und Umgebung e.V. magyar kultur\u00e1lis egyes\u00fclet szervezi a &#8221; Bety\u00e1r Cs\u00e1rda \u00e9tteremmel egy\u00fcttm\u0171k\u00f6dve.<\/p>\n<p><strong>Mivel ez az esem\u00e9ny nagyon n\u00e9pszer\u0171, k\u00e9rj\u00fck, telefonon vegye fel vel\u00fcnk a kapcsolatot. El\u0151zetes regisztr\u00e1ci\u00f3 2016. szeptember 19-ig k\u00f6zvetlen\u00fcl a Bety\u00e1r Cs\u00e1rd\u00e1ban a 0371 3312320-as telefonsz\u00e1mon.<\/strong><\/p>\n<p>\u00d6r\u00fcln\u00e9nk, ha sok vend\u00e9get \u00fcdv\u00f6z\u00f6lhetn\u00e9nk, tartsunk egy j\u00f3 kis bulit \u00e9s tanuljunk sokat m\u00e1s nemzetekr\u0151l.<!--:--><br \/>\n[\/et_pb_text][\/et_pb_column][\/et_pb_row][\/et_pb_section]<\/p>\n","protected":false},"excerpt":{"rendered":"<p>Az Interkultur\u00e1lis H\u00e9tre 2016. szeptember 17. \u00e9s okt\u00f3ber 2. k\u00f6z\u00f6tt ker\u00fcl sor Chemnitzben. Term\u00e9szetesen a Magyar Kultur\u00e1lis Sz\u00f6vets\u00e9g is ott lesz. 2016. szeptember 17-\u00e9n inform\u00e1ci\u00f3s standunk lesz, ahol mindent megtudhat [&hellip;]<\/p>\n","protected":false},"author":7,"featured_media":0,"comment_status":"closed","ping_status":"closed","sticky":false,"template":"","format":"standard","meta":{"_et_pb_use_builder":"on","_et_pb_old_content":"","_et_gb_content_width":"","footnotes":""},"categories":[76],"tags":[],"class_list":["post-35068","post","type-post","status-publish","format-standard","hentry","category-allgemein-hu-2"],"yoast_head":"<!-- This site is optimized with the Yoast SEO plugin v27.5 - https:\/\/yoast.com\/product\/yoast-seo-wordpress\/ -->\n<title>Interkultur\u00e1lis hetek Chemnitzben - Ungarischer Kulturverein Chemnitz und Umgebung e. V.<\/title>\n<meta name=\"robots\" content=\"index, follow, max-snippet:-1, max-image-preview:large, max-video-preview:-1\" \/>\n<link rel=\"canonical\" href=\"https:\/\/www.ungarn-in-sachsen.de\/hu\/interkulturalis-hetek-chemnitzben\/\" \/>\n<meta property=\"og:locale\" content=\"hu_HU\" \/>\n<meta property=\"og:type\" content=\"article\" \/>\n<meta property=\"og:title\" content=\"Interkultur\u00e1lis hetek Chemnitzben - Ungarischer Kulturverein Chemnitz und Umgebung e. V.\" \/>\n<meta property=\"og:description\" content=\"Az Interkultur\u00e1lis H\u00e9tre 2016. szeptember 17. \u00e9s okt\u00f3ber 2. k\u00f6z\u00f6tt ker\u00fcl sor Chemnitzben. Term\u00e9szetesen a Magyar Kultur\u00e1lis Sz\u00f6vets\u00e9g is ott lesz. 2016. szeptember 17-\u00e9n inform\u00e1ci\u00f3s standunk lesz, ahol mindent megtudhat [&hellip;]\" \/>\n<meta property=\"og:url\" content=\"https:\/\/www.ungarn-in-sachsen.de\/hu\/interkulturalis-hetek-chemnitzben\/\" \/>\n<meta property=\"og:site_name\" content=\"Ungarischer Kulturverein Chemnitz und Umgebung e. V.\" \/>\n<meta property=\"article:publisher\" content=\"https:\/\/www.facebook.com\/Ungarischer-Kulturverein-Chemnitz-und-Umgebung-eV-229421257171599\/\" \/>\n<meta property=\"article:published_time\" content=\"2025-08-23T16:03:20+00:00\" \/>\n<meta property=\"article:modified_time\" content=\"2025-08-23T16:03:33+00:00\" \/>\n<meta name=\"author\" content=\"Katalin\" \/>\n<meta name=\"twitter:card\" content=\"summary_large_image\" \/>\n<meta name=\"twitter:label1\" content=\"Szerz\u0151:\" \/>\n\t<meta name=\"twitter:data1\" content=\"Katalin\" \/>\n\t<meta name=\"twitter:label2\" content=\"Becs\u00fclt olvas\u00e1si id\u0151\" \/>\n\t<meta name=\"twitter:data2\" content=\"1 perc\" \/>\n<script type=\"application\/ld+json\" class=\"yoast-schema-graph\">{\"@context\":\"https:\\\/\\\/schema.org\",\"@graph\":[{\"@type\":\"Article\",\"@id\":\"https:\\\/\\\/www.ungarn-in-sachsen.de\\\/hu\\\/interkulturalis-hetek-chemnitzben\\\/#article\",\"isPartOf\":{\"@id\":\"https:\\\/\\\/www.ungarn-in-sachsen.de\\\/hu\\\/interkulturalis-hetek-chemnitzben\\\/\"},\"author\":{\"name\":\"Katalin\",\"@id\":\"https:\\\/\\\/www.ungarn-in-sachsen.de\\\/hu\\\/#\\\/schema\\\/person\\\/0134c9680c14e08af40f4fd16196ae98\"},\"headline\":\"Interkultur\u00e1lis hetek Chemnitzben\",\"datePublished\":\"2025-08-23T16:03:20+00:00\",\"dateModified\":\"2025-08-23T16:03:33+00:00\",\"mainEntityOfPage\":{\"@id\":\"https:\\\/\\\/www.ungarn-in-sachsen.de\\\/hu\\\/interkulturalis-hetek-chemnitzben\\\/\"},\"wordCount\":241,\"publisher\":{\"@id\":\"https:\\\/\\\/www.ungarn-in-sachsen.de\\\/hu\\\/#organization\"},\"articleSection\":[\"Allgemein\"],\"inLanguage\":\"hu\"},{\"@type\":\"WebPage\",\"@id\":\"https:\\\/\\\/www.ungarn-in-sachsen.de\\\/hu\\\/interkulturalis-hetek-chemnitzben\\\/\",\"url\":\"https:\\\/\\\/www.ungarn-in-sachsen.de\\\/hu\\\/interkulturalis-hetek-chemnitzben\\\/\",\"name\":\"Interkultur\u00e1lis hetek Chemnitzben - Ungarischer Kulturverein Chemnitz und Umgebung e. V.\",\"isPartOf\":{\"@id\":\"https:\\\/\\\/www.ungarn-in-sachsen.de\\\/hu\\\/#website\"},\"datePublished\":\"2025-08-23T16:03:20+00:00\",\"dateModified\":\"2025-08-23T16:03:33+00:00\",\"breadcrumb\":{\"@id\":\"https:\\\/\\\/www.ungarn-in-sachsen.de\\\/hu\\\/interkulturalis-hetek-chemnitzben\\\/#breadcrumb\"},\"inLanguage\":\"hu\",\"potentialAction\":[{\"@type\":\"ReadAction\",\"target\":[\"https:\\\/\\\/www.ungarn-in-sachsen.de\\\/hu\\\/interkulturalis-hetek-chemnitzben\\\/\"]}]},{\"@type\":\"BreadcrumbList\",\"@id\":\"https:\\\/\\\/www.ungarn-in-sachsen.de\\\/hu\\\/interkulturalis-hetek-chemnitzben\\\/#breadcrumb\",\"itemListElement\":[{\"@type\":\"ListItem\",\"position\":1,\"name\":\"Startseite\",\"item\":\"https:\\\/\\\/www.ungarn-in-sachsen.de\\\/hu\\\/\"},{\"@type\":\"ListItem\",\"position\":2,\"name\":\"Interkultur\u00e1lis hetek Chemnitzben\"}]},{\"@type\":\"WebSite\",\"@id\":\"https:\\\/\\\/www.ungarn-in-sachsen.de\\\/hu\\\/#website\",\"url\":\"https:\\\/\\\/www.ungarn-in-sachsen.de\\\/hu\\\/\",\"name\":\"Ungarischer Kulturverein Chemnitz und Umgebung e. V.\",\"description\":\"Treffpunkt f\u00fcr Freunde der ungarischen Kultur\",\"publisher\":{\"@id\":\"https:\\\/\\\/www.ungarn-in-sachsen.de\\\/hu\\\/#organization\"},\"potentialAction\":[{\"@type\":\"SearchAction\",\"target\":{\"@type\":\"EntryPoint\",\"urlTemplate\":\"https:\\\/\\\/www.ungarn-in-sachsen.de\\\/hu\\\/?s={search_term_string}\"},\"query-input\":{\"@type\":\"PropertyValueSpecification\",\"valueRequired\":true,\"valueName\":\"search_term_string\"}}],\"inLanguage\":\"hu\"},{\"@type\":\"Organization\",\"@id\":\"https:\\\/\\\/www.ungarn-in-sachsen.de\\\/hu\\\/#organization\",\"name\":\"Ungarischer Kulturverein Chemnitz und Umgebung e.V.\",\"url\":\"https:\\\/\\\/www.ungarn-in-sachsen.de\\\/hu\\\/\",\"logo\":{\"@type\":\"ImageObject\",\"inLanguage\":\"hu\",\"@id\":\"https:\\\/\\\/www.ungarn-in-sachsen.de\\\/hu\\\/#\\\/schema\\\/logo\\\/image\\\/\",\"url\":\"https:\\\/\\\/www.ungarn-in-sachsen.de\\\/wp-content\\\/uploads\\\/2019\\\/04\\\/logo.jpg\",\"contentUrl\":\"https:\\\/\\\/www.ungarn-in-sachsen.de\\\/wp-content\\\/uploads\\\/2019\\\/04\\\/logo.jpg\",\"width\":266,\"height\":170,\"caption\":\"Ungarischer Kulturverein Chemnitz und Umgebung e.V.\"},\"image\":{\"@id\":\"https:\\\/\\\/www.ungarn-in-sachsen.de\\\/hu\\\/#\\\/schema\\\/logo\\\/image\\\/\"},\"sameAs\":[\"https:\\\/\\\/www.facebook.com\\\/Ungarischer-Kulturverein-Chemnitz-und-Umgebung-eV-229421257171599\\\/\"]},{\"@type\":\"Person\",\"@id\":\"https:\\\/\\\/www.ungarn-in-sachsen.de\\\/hu\\\/#\\\/schema\\\/person\\\/0134c9680c14e08af40f4fd16196ae98\",\"name\":\"Katalin\",\"url\":\"https:\\\/\\\/www.ungarn-in-sachsen.de\\\/hu\\\/author\\\/admin\\\/\"}]}<\/script>\n<!-- \/ Yoast SEO plugin. -->","yoast_head_json":{"title":"Interkultur\u00e1lis hetek Chemnitzben - Ungarischer Kulturverein Chemnitz und Umgebung e. V.","robots":{"index":"index","follow":"follow","max-snippet":"max-snippet:-1","max-image-preview":"max-image-preview:large","max-video-preview":"max-video-preview:-1"},"canonical":"https:\/\/www.ungarn-in-sachsen.de\/hu\/interkulturalis-hetek-chemnitzben\/","og_locale":"hu_HU","og_type":"article","og_title":"Interkultur\u00e1lis hetek Chemnitzben - Ungarischer Kulturverein Chemnitz und Umgebung e. V.","og_description":"Az Interkultur\u00e1lis H\u00e9tre 2016. szeptember 17. \u00e9s okt\u00f3ber 2. k\u00f6z\u00f6tt ker\u00fcl sor Chemnitzben. Term\u00e9szetesen a Magyar Kultur\u00e1lis Sz\u00f6vets\u00e9g is ott lesz. 2016. szeptember 17-\u00e9n inform\u00e1ci\u00f3s standunk lesz, ahol mindent megtudhat [&hellip;]","og_url":"https:\/\/www.ungarn-in-sachsen.de\/hu\/interkulturalis-hetek-chemnitzben\/","og_site_name":"Ungarischer Kulturverein Chemnitz und Umgebung e. V.","article_publisher":"https:\/\/www.facebook.com\/Ungarischer-Kulturverein-Chemnitz-und-Umgebung-eV-229421257171599\/","article_published_time":"2025-08-23T16:03:20+00:00","article_modified_time":"2025-08-23T16:03:33+00:00","author":"Katalin","twitter_card":"summary_large_image","twitter_misc":{"Szerz\u0151:":"Katalin","Becs\u00fclt olvas\u00e1si id\u0151":"1 perc"},"schema":{"@context":"https:\/\/schema.org","@graph":[{"@type":"Article","@id":"https:\/\/www.ungarn-in-sachsen.de\/hu\/interkulturalis-hetek-chemnitzben\/#article","isPartOf":{"@id":"https:\/\/www.ungarn-in-sachsen.de\/hu\/interkulturalis-hetek-chemnitzben\/"},"author":{"name":"Katalin","@id":"https:\/\/www.ungarn-in-sachsen.de\/hu\/#\/schema\/person\/0134c9680c14e08af40f4fd16196ae98"},"headline":"Interkultur\u00e1lis hetek Chemnitzben","datePublished":"2025-08-23T16:03:20+00:00","dateModified":"2025-08-23T16:03:33+00:00","mainEntityOfPage":{"@id":"https:\/\/www.ungarn-in-sachsen.de\/hu\/interkulturalis-hetek-chemnitzben\/"},"wordCount":241,"publisher":{"@id":"https:\/\/www.ungarn-in-sachsen.de\/hu\/#organization"},"articleSection":["Allgemein"],"inLanguage":"hu"},{"@type":"WebPage","@id":"https:\/\/www.ungarn-in-sachsen.de\/hu\/interkulturalis-hetek-chemnitzben\/","url":"https:\/\/www.ungarn-in-sachsen.de\/hu\/interkulturalis-hetek-chemnitzben\/","name":"Interkultur\u00e1lis hetek Chemnitzben - Ungarischer Kulturverein Chemnitz und Umgebung e. V.","isPartOf":{"@id":"https:\/\/www.ungarn-in-sachsen.de\/hu\/#website"},"datePublished":"2025-08-23T16:03:20+00:00","dateModified":"2025-08-23T16:03:33+00:00","breadcrumb":{"@id":"https:\/\/www.ungarn-in-sachsen.de\/hu\/interkulturalis-hetek-chemnitzben\/#breadcrumb"},"inLanguage":"hu","potentialAction":[{"@type":"ReadAction","target":["https:\/\/www.ungarn-in-sachsen.de\/hu\/interkulturalis-hetek-chemnitzben\/"]}]},{"@type":"BreadcrumbList","@id":"https:\/\/www.ungarn-in-sachsen.de\/hu\/interkulturalis-hetek-chemnitzben\/#breadcrumb","itemListElement":[{"@type":"ListItem","position":1,"name":"Startseite","item":"https:\/\/www.ungarn-in-sachsen.de\/hu\/"},{"@type":"ListItem","position":2,"name":"Interkultur\u00e1lis hetek Chemnitzben"}]},{"@type":"WebSite","@id":"https:\/\/www.ungarn-in-sachsen.de\/hu\/#website","url":"https:\/\/www.ungarn-in-sachsen.de\/hu\/","name":"Ungarischer Kulturverein Chemnitz und Umgebung e. V.","description":"Treffpunkt f\u00fcr Freunde der ungarischen Kultur","publisher":{"@id":"https:\/\/www.ungarn-in-sachsen.de\/hu\/#organization"},"potentialAction":[{"@type":"SearchAction","target":{"@type":"EntryPoint","urlTemplate":"https:\/\/www.ungarn-in-sachsen.de\/hu\/?s={search_term_string}"},"query-input":{"@type":"PropertyValueSpecification","valueRequired":true,"valueName":"search_term_string"}}],"inLanguage":"hu"},{"@type":"Organization","@id":"https:\/\/www.ungarn-in-sachsen.de\/hu\/#organization","name":"Ungarischer Kulturverein Chemnitz und Umgebung e.V.","url":"https:\/\/www.ungarn-in-sachsen.de\/hu\/","logo":{"@type":"ImageObject","inLanguage":"hu","@id":"https:\/\/www.ungarn-in-sachsen.de\/hu\/#\/schema\/logo\/image\/","url":"https:\/\/www.ungarn-in-sachsen.de\/wp-content\/uploads\/2019\/04\/logo.jpg","contentUrl":"https:\/\/www.ungarn-in-sachsen.de\/wp-content\/uploads\/2019\/04\/logo.jpg","width":266,"height":170,"caption":"Ungarischer Kulturverein Chemnitz und Umgebung e.V."},"image":{"@id":"https:\/\/www.ungarn-in-sachsen.de\/hu\/#\/schema\/logo\/image\/"},"sameAs":["https:\/\/www.facebook.com\/Ungarischer-Kulturverein-Chemnitz-und-Umgebung-eV-229421257171599\/"]},{"@type":"Person","@id":"https:\/\/www.ungarn-in-sachsen.de\/hu\/#\/schema\/person\/0134c9680c14e08af40f4fd16196ae98","name":"Katalin","url":"https:\/\/www.ungarn-in-sachsen.de\/hu\/author\/admin\/"}]}},"_links":{"self":[{"href":"https:\/\/www.ungarn-in-sachsen.de\/hu\/wp-json\/wp\/v2\/posts\/35068","targetHints":{"allow":["GET"]}}],"collection":[{"href":"https:\/\/www.ungarn-in-sachsen.de\/hu\/wp-json\/wp\/v2\/posts"}],"about":[{"href":"https:\/\/www.ungarn-in-sachsen.de\/hu\/wp-json\/wp\/v2\/types\/post"}],"author":[{"embeddable":true,"href":"https:\/\/www.ungarn-in-sachsen.de\/hu\/wp-json\/wp\/v2\/users\/7"}],"replies":[{"embeddable":true,"href":"https:\/\/www.ungarn-in-sachsen.de\/hu\/wp-json\/wp\/v2\/comments?post=35068"}],"version-history":[{"count":0,"href":"https:\/\/www.ungarn-in-sachsen.de\/hu\/wp-json\/wp\/v2\/posts\/35068\/revisions"}],"wp:attachment":[{"href":"https:\/\/www.ungarn-in-sachsen.de\/hu\/wp-json\/wp\/v2\/media?parent=35068"}],"wp:term":[{"taxonomy":"category","embeddable":true,"href":"https:\/\/www.ungarn-in-sachsen.de\/hu\/wp-json\/wp\/v2\/categories?post=35068"},{"taxonomy":"post_tag","embeddable":true,"href":"https:\/\/www.ungarn-in-sachsen.de\/hu\/wp-json\/wp\/v2\/tags?post=35068"}],"curies":[{"name":"wp","href":"https:\/\/api.w.org\/{rel}","templated":true}]}}