{"id":35102,"date":"2025-08-23T18:36:31","date_gmt":"2025-08-23T16:36:31","guid":{"rendered":"https:\/\/www.ungarn-in-sachsen.de\/wortschatz-a-legszebb-magyar-versek-a-hazarol-es-a-honvagyrol\/"},"modified":"2025-08-23T18:39:51","modified_gmt":"2025-08-23T16:39:51","slug":"wortschatz-a-legszebb-magyar-versek-a-hazarol-es-a-honvagyrol","status":"publish","type":"post","link":"https:\/\/www.ungarn-in-sachsen.de\/hu\/wortschatz-a-legszebb-magyar-versek-a-hazarol-es-a-honvagyrol\/","title":{"rendered":"WortSchatz \u2013 A legszebb magyar versek a haz\u00e1r\u00f3l \u00e9s a honv\u00e1gyr\u00f3l"},"content":{"rendered":"<p>[et_pb_section fb_built=&#8221;1&#8243; _builder_version=&#8221;4.16&#8243; global_colors_info=&#8221;{}&#8221;][et_pb_row _builder_version=&#8221;4.16&#8243; background_size=&#8221;initial&#8221; background_position=&#8221;top_left&#8221; background_repeat=&#8221;repeat&#8221; global_colors_info=&#8221;{}&#8221;][et_pb_column type=&#8221;4_4&#8243; _builder_version=&#8221;4.16&#8243; custom_padding=&#8221;|||&#8221; global_colors_info=&#8221;{}&#8221; custom_padding__hover=&#8221;|||&#8221;][et_pb_text _builder_version=&#8221;4.16&#8243; background_size=&#8221;initial&#8221; background_position=&#8221;top_left&#8221; background_repeat=&#8221;repeat&#8221; global_colors_info=&#8221;{}&#8221;]<\/p>\n<p><!--:de-->A chemnitzi interkultur\u00e1lis hetek keret\u00e9ben a Chemnitz \u00e9s k\u00f6rny\u00e9ke Magyar Kultur\u00e1lis Egyes\u00fclet 2011. szeptember 19-\u00e9n 17 \u00f3r\u00e1t\u00f3l a Lila Villa N\u0151ik\u00f6zpontba (Ka\u00dfbergstra\u00dfe 22) invit\u00e1lta az \u00e9rdekl\u0151d\u0151ket, hogy b\u00f6ng\u00e9ssz\u00e9k \u00e1t a legszebb magyar verseket a magyar haz\u00e1r\u00f3l \u00e9s a honv\u00e1gyr\u00f3l.<\/p>\n<p>A magyar k\u00f6lt\u00e9szet soksz\u00edn\u0171s\u00e9g\u00e9b\u0151l v\u00e1logat\u00e1st mutattak be sz\u00f3ban \u00e9s \u00edr\u00e1sban:<\/p>\n<p><strong>K\u00f6lcsey, Ferenc (1790-1838) <\/strong>Hymne \/ Himnusz,<\/p>\n<p><strong>Pet\u00f6fi, S\u00e1ndor (1823-1849)<\/strong> Die ungarische Nation \/ A Magyar nemzet und In meiner Heimat \/ Haz\u00e1mban,<\/p>\n<p><strong>Radn\u00f3ti, Mikl\u00f3s (1909-1944)<\/strong> Ich wei\u00df nicht \/ Nemtudhatom,<\/p>\n<p><strong>Arany, J\u00e1nos (1817-1882)<\/strong> Die Barden von Wales \/ A walesi b\u00e1rdok,<\/p>\n<p><strong>Ady, Endre (1877-1919)<\/strong> Der hinaufgeschleuderte Stein \/ F\u00f6l f\u00f6ldobott k\u00f6,<\/p>\n<p><strong>V\u00f6r\u00f6smarty Mih\u00e1ly (1800-1855)<\/strong> Mahnruf \/ Sz\u00f3zat.<\/p>\n<p>A verseket M\u00e1ty\u00e1s Simon szavalta n\u00e9met nyelven. A h\u00e1tt\u00e9rinform\u00e1ci\u00f3kat az orsz\u00e1gr\u00f3l, a k\u00f6lt\u0151kr\u0151l \u00e9s a versekr\u0151l M\u00e9sz\u00e1ros Ildik\u00f3 szolg\u00e1ltatta. A rendezv\u00e9ny c\u00e9lja az volt, hogy a vend\u00e9gek megismerj\u00e9k a magyar kult\u00far\u00e1t \u00e9s a magyarok mentalit\u00e1s\u00e1t. A megh\u00edv\u00e1snak 20 vend\u00e9g tett eleget, akik lelkesen vett\u00e9k \u00e1t a hazaszeretet \u00e9s a hazav\u00e1gy\u00f3d\u00e1s \u00e9rz\u00e9s\u00e9t, \u00e9s hagyt\u00e1k magukat a magyar k\u00f6lt\u0151 lelk\u00e9nek m\u00e9ly\u00e9re ragadni. Az esem\u00e9ny ut\u00e1n kis \u00e9telek \u00e9s borok mellett elm\u00e9ly\u00fclt besz\u00e9lget\u00e9sekbe kezdtek, \u00e9s el\u0151vigy\u00e1zatoss\u00e1gb\u00f3l megbesz\u00e9lt\u00e9k, hogy tartanak egy k\u00f6vetkez\u0151 rendezv\u00e9nyt a magyar k\u00f6lt\u00e9szetr\u0151l. Egy igaz\u00e1n sikeres este.<!--:--><\/p>\n<p>[\/et_pb_text][\/et_pb_column][\/et_pb_row][\/et_pb_section]<\/p>\n","protected":false},"excerpt":{"rendered":"<p>A chemnitzi interkultur\u00e1lis hetek keret\u00e9ben a Chemnitz \u00e9s k\u00f6rny\u00e9ke Magyar Kultur\u00e1lis Egyes\u00fclet 2011. szeptember 19-\u00e9n 17 \u00f3r\u00e1t\u00f3l a Lila Villa N\u0151ik\u00f6zpontba (Ka\u00dfbergstra\u00dfe 22) invit\u00e1lta az \u00e9rdekl\u0151d\u0151ket, hogy b\u00f6ng\u00e9ssz\u00e9k \u00e1t a [&hellip;]<\/p>\n","protected":false},"author":7,"featured_media":0,"comment_status":"closed","ping_status":"closed","sticky":false,"template":"","format":"standard","meta":{"_et_pb_use_builder":"on","_et_pb_old_content":"","_et_gb_content_width":"","footnotes":""},"categories":[74],"tags":[],"class_list":["post-35102","post","type-post","status-publish","format-standard","hentry","category-szokincs"],"yoast_head":"<!-- This site is optimized with the Yoast SEO plugin v27.5 - https:\/\/yoast.com\/product\/yoast-seo-wordpress\/ -->\n<title>WortSchatz \u2013 A legszebb magyar versek a haz\u00e1r\u00f3l \u00e9s a honv\u00e1gyr\u00f3l - Ungarischer Kulturverein Chemnitz und Umgebung e. V.<\/title>\n<meta name=\"robots\" content=\"index, follow, max-snippet:-1, max-image-preview:large, max-video-preview:-1\" \/>\n<link rel=\"canonical\" href=\"https:\/\/www.ungarn-in-sachsen.de\/hu\/wortschatz-a-legszebb-magyar-versek-a-hazarol-es-a-honvagyrol\/\" \/>\n<meta property=\"og:locale\" content=\"hu_HU\" \/>\n<meta property=\"og:type\" content=\"article\" \/>\n<meta property=\"og:title\" content=\"WortSchatz \u2013 A legszebb magyar versek a haz\u00e1r\u00f3l \u00e9s a honv\u00e1gyr\u00f3l - Ungarischer Kulturverein Chemnitz und Umgebung e. V.\" \/>\n<meta property=\"og:description\" content=\"A chemnitzi interkultur\u00e1lis hetek keret\u00e9ben a Chemnitz \u00e9s k\u00f6rny\u00e9ke Magyar Kultur\u00e1lis Egyes\u00fclet 2011. szeptember 19-\u00e9n 17 \u00f3r\u00e1t\u00f3l a Lila Villa N\u0151ik\u00f6zpontba (Ka\u00dfbergstra\u00dfe 22) invit\u00e1lta az \u00e9rdekl\u0151d\u0151ket, hogy b\u00f6ng\u00e9ssz\u00e9k \u00e1t a [&hellip;]\" \/>\n<meta property=\"og:url\" content=\"https:\/\/www.ungarn-in-sachsen.de\/hu\/wortschatz-a-legszebb-magyar-versek-a-hazarol-es-a-honvagyrol\/\" \/>\n<meta property=\"og:site_name\" content=\"Ungarischer Kulturverein Chemnitz und Umgebung e. V.\" \/>\n<meta property=\"article:publisher\" content=\"https:\/\/www.facebook.com\/Ungarischer-Kulturverein-Chemnitz-und-Umgebung-eV-229421257171599\/\" \/>\n<meta property=\"article:published_time\" content=\"2025-08-23T16:36:31+00:00\" \/>\n<meta property=\"article:modified_time\" content=\"2025-08-23T16:39:51+00:00\" \/>\n<meta name=\"author\" content=\"Katalin\" \/>\n<meta name=\"twitter:card\" content=\"summary_large_image\" \/>\n<meta name=\"twitter:label1\" content=\"Szerz\u0151:\" \/>\n\t<meta name=\"twitter:data1\" content=\"Katalin\" \/>\n\t<meta name=\"twitter:label2\" content=\"Becs\u00fclt olvas\u00e1si id\u0151\" \/>\n\t<meta name=\"twitter:data2\" content=\"2 perc\" \/>\n<script type=\"application\/ld+json\" class=\"yoast-schema-graph\">{\"@context\":\"https:\\\/\\\/schema.org\",\"@graph\":[{\"@type\":\"Article\",\"@id\":\"https:\\\/\\\/www.ungarn-in-sachsen.de\\\/hu\\\/wortschatz-a-legszebb-magyar-versek-a-hazarol-es-a-honvagyrol\\\/#article\",\"isPartOf\":{\"@id\":\"https:\\\/\\\/www.ungarn-in-sachsen.de\\\/hu\\\/wortschatz-a-legszebb-magyar-versek-a-hazarol-es-a-honvagyrol\\\/\"},\"author\":{\"name\":\"Katalin\",\"@id\":\"https:\\\/\\\/www.ungarn-in-sachsen.de\\\/hu\\\/#\\\/schema\\\/person\\\/0134c9680c14e08af40f4fd16196ae98\"},\"headline\":\"WortSchatz \u2013 A legszebb magyar versek a haz\u00e1r\u00f3l \u00e9s a honv\u00e1gyr\u00f3l\",\"datePublished\":\"2025-08-23T16:36:31+00:00\",\"dateModified\":\"2025-08-23T16:39:51+00:00\",\"mainEntityOfPage\":{\"@id\":\"https:\\\/\\\/www.ungarn-in-sachsen.de\\\/hu\\\/wortschatz-a-legszebb-magyar-versek-a-hazarol-es-a-honvagyrol\\\/\"},\"wordCount\":371,\"publisher\":{\"@id\":\"https:\\\/\\\/www.ungarn-in-sachsen.de\\\/hu\\\/#organization\"},\"articleSection\":[\"Sz\u00f3Kincs\"],\"inLanguage\":\"hu\"},{\"@type\":\"WebPage\",\"@id\":\"https:\\\/\\\/www.ungarn-in-sachsen.de\\\/hu\\\/wortschatz-a-legszebb-magyar-versek-a-hazarol-es-a-honvagyrol\\\/\",\"url\":\"https:\\\/\\\/www.ungarn-in-sachsen.de\\\/hu\\\/wortschatz-a-legszebb-magyar-versek-a-hazarol-es-a-honvagyrol\\\/\",\"name\":\"WortSchatz \u2013 A legszebb magyar versek a haz\u00e1r\u00f3l \u00e9s a honv\u00e1gyr\u00f3l - Ungarischer Kulturverein Chemnitz und Umgebung e. V.\",\"isPartOf\":{\"@id\":\"https:\\\/\\\/www.ungarn-in-sachsen.de\\\/hu\\\/#website\"},\"datePublished\":\"2025-08-23T16:36:31+00:00\",\"dateModified\":\"2025-08-23T16:39:51+00:00\",\"breadcrumb\":{\"@id\":\"https:\\\/\\\/www.ungarn-in-sachsen.de\\\/hu\\\/wortschatz-a-legszebb-magyar-versek-a-hazarol-es-a-honvagyrol\\\/#breadcrumb\"},\"inLanguage\":\"hu\",\"potentialAction\":[{\"@type\":\"ReadAction\",\"target\":[\"https:\\\/\\\/www.ungarn-in-sachsen.de\\\/hu\\\/wortschatz-a-legszebb-magyar-versek-a-hazarol-es-a-honvagyrol\\\/\"]}]},{\"@type\":\"BreadcrumbList\",\"@id\":\"https:\\\/\\\/www.ungarn-in-sachsen.de\\\/hu\\\/wortschatz-a-legszebb-magyar-versek-a-hazarol-es-a-honvagyrol\\\/#breadcrumb\",\"itemListElement\":[{\"@type\":\"ListItem\",\"position\":1,\"name\":\"Startseite\",\"item\":\"https:\\\/\\\/www.ungarn-in-sachsen.de\\\/hu\\\/\"},{\"@type\":\"ListItem\",\"position\":2,\"name\":\"WortSchatz \u2013 A legszebb magyar versek a haz\u00e1r\u00f3l \u00e9s a honv\u00e1gyr\u00f3l\"}]},{\"@type\":\"WebSite\",\"@id\":\"https:\\\/\\\/www.ungarn-in-sachsen.de\\\/hu\\\/#website\",\"url\":\"https:\\\/\\\/www.ungarn-in-sachsen.de\\\/hu\\\/\",\"name\":\"Ungarischer Kulturverein Chemnitz und Umgebung e. V.\",\"description\":\"Treffpunkt f\u00fcr Freunde der ungarischen Kultur\",\"publisher\":{\"@id\":\"https:\\\/\\\/www.ungarn-in-sachsen.de\\\/hu\\\/#organization\"},\"potentialAction\":[{\"@type\":\"SearchAction\",\"target\":{\"@type\":\"EntryPoint\",\"urlTemplate\":\"https:\\\/\\\/www.ungarn-in-sachsen.de\\\/hu\\\/?s={search_term_string}\"},\"query-input\":{\"@type\":\"PropertyValueSpecification\",\"valueRequired\":true,\"valueName\":\"search_term_string\"}}],\"inLanguage\":\"hu\"},{\"@type\":\"Organization\",\"@id\":\"https:\\\/\\\/www.ungarn-in-sachsen.de\\\/hu\\\/#organization\",\"name\":\"Ungarischer Kulturverein Chemnitz und Umgebung e.V.\",\"url\":\"https:\\\/\\\/www.ungarn-in-sachsen.de\\\/hu\\\/\",\"logo\":{\"@type\":\"ImageObject\",\"inLanguage\":\"hu\",\"@id\":\"https:\\\/\\\/www.ungarn-in-sachsen.de\\\/hu\\\/#\\\/schema\\\/logo\\\/image\\\/\",\"url\":\"https:\\\/\\\/www.ungarn-in-sachsen.de\\\/wp-content\\\/uploads\\\/2019\\\/04\\\/logo.jpg\",\"contentUrl\":\"https:\\\/\\\/www.ungarn-in-sachsen.de\\\/wp-content\\\/uploads\\\/2019\\\/04\\\/logo.jpg\",\"width\":266,\"height\":170,\"caption\":\"Ungarischer Kulturverein Chemnitz und Umgebung e.V.\"},\"image\":{\"@id\":\"https:\\\/\\\/www.ungarn-in-sachsen.de\\\/hu\\\/#\\\/schema\\\/logo\\\/image\\\/\"},\"sameAs\":[\"https:\\\/\\\/www.facebook.com\\\/Ungarischer-Kulturverein-Chemnitz-und-Umgebung-eV-229421257171599\\\/\"]},{\"@type\":\"Person\",\"@id\":\"https:\\\/\\\/www.ungarn-in-sachsen.de\\\/hu\\\/#\\\/schema\\\/person\\\/0134c9680c14e08af40f4fd16196ae98\",\"name\":\"Katalin\",\"url\":\"https:\\\/\\\/www.ungarn-in-sachsen.de\\\/hu\\\/author\\\/admin\\\/\"}]}<\/script>\n<!-- \/ Yoast SEO plugin. -->","yoast_head_json":{"title":"WortSchatz \u2013 A legszebb magyar versek a haz\u00e1r\u00f3l \u00e9s a honv\u00e1gyr\u00f3l - Ungarischer Kulturverein Chemnitz und Umgebung e. V.","robots":{"index":"index","follow":"follow","max-snippet":"max-snippet:-1","max-image-preview":"max-image-preview:large","max-video-preview":"max-video-preview:-1"},"canonical":"https:\/\/www.ungarn-in-sachsen.de\/hu\/wortschatz-a-legszebb-magyar-versek-a-hazarol-es-a-honvagyrol\/","og_locale":"hu_HU","og_type":"article","og_title":"WortSchatz \u2013 A legszebb magyar versek a haz\u00e1r\u00f3l \u00e9s a honv\u00e1gyr\u00f3l - Ungarischer Kulturverein Chemnitz und Umgebung e. V.","og_description":"A chemnitzi interkultur\u00e1lis hetek keret\u00e9ben a Chemnitz \u00e9s k\u00f6rny\u00e9ke Magyar Kultur\u00e1lis Egyes\u00fclet 2011. szeptember 19-\u00e9n 17 \u00f3r\u00e1t\u00f3l a Lila Villa N\u0151ik\u00f6zpontba (Ka\u00dfbergstra\u00dfe 22) invit\u00e1lta az \u00e9rdekl\u0151d\u0151ket, hogy b\u00f6ng\u00e9ssz\u00e9k \u00e1t a [&hellip;]","og_url":"https:\/\/www.ungarn-in-sachsen.de\/hu\/wortschatz-a-legszebb-magyar-versek-a-hazarol-es-a-honvagyrol\/","og_site_name":"Ungarischer Kulturverein Chemnitz und Umgebung e. V.","article_publisher":"https:\/\/www.facebook.com\/Ungarischer-Kulturverein-Chemnitz-und-Umgebung-eV-229421257171599\/","article_published_time":"2025-08-23T16:36:31+00:00","article_modified_time":"2025-08-23T16:39:51+00:00","author":"Katalin","twitter_card":"summary_large_image","twitter_misc":{"Szerz\u0151:":"Katalin","Becs\u00fclt olvas\u00e1si id\u0151":"2 perc"},"schema":{"@context":"https:\/\/schema.org","@graph":[{"@type":"Article","@id":"https:\/\/www.ungarn-in-sachsen.de\/hu\/wortschatz-a-legszebb-magyar-versek-a-hazarol-es-a-honvagyrol\/#article","isPartOf":{"@id":"https:\/\/www.ungarn-in-sachsen.de\/hu\/wortschatz-a-legszebb-magyar-versek-a-hazarol-es-a-honvagyrol\/"},"author":{"name":"Katalin","@id":"https:\/\/www.ungarn-in-sachsen.de\/hu\/#\/schema\/person\/0134c9680c14e08af40f4fd16196ae98"},"headline":"WortSchatz \u2013 A legszebb magyar versek a haz\u00e1r\u00f3l \u00e9s a honv\u00e1gyr\u00f3l","datePublished":"2025-08-23T16:36:31+00:00","dateModified":"2025-08-23T16:39:51+00:00","mainEntityOfPage":{"@id":"https:\/\/www.ungarn-in-sachsen.de\/hu\/wortschatz-a-legszebb-magyar-versek-a-hazarol-es-a-honvagyrol\/"},"wordCount":371,"publisher":{"@id":"https:\/\/www.ungarn-in-sachsen.de\/hu\/#organization"},"articleSection":["Sz\u00f3Kincs"],"inLanguage":"hu"},{"@type":"WebPage","@id":"https:\/\/www.ungarn-in-sachsen.de\/hu\/wortschatz-a-legszebb-magyar-versek-a-hazarol-es-a-honvagyrol\/","url":"https:\/\/www.ungarn-in-sachsen.de\/hu\/wortschatz-a-legszebb-magyar-versek-a-hazarol-es-a-honvagyrol\/","name":"WortSchatz \u2013 A legszebb magyar versek a haz\u00e1r\u00f3l \u00e9s a honv\u00e1gyr\u00f3l - Ungarischer Kulturverein Chemnitz und Umgebung e. V.","isPartOf":{"@id":"https:\/\/www.ungarn-in-sachsen.de\/hu\/#website"},"datePublished":"2025-08-23T16:36:31+00:00","dateModified":"2025-08-23T16:39:51+00:00","breadcrumb":{"@id":"https:\/\/www.ungarn-in-sachsen.de\/hu\/wortschatz-a-legszebb-magyar-versek-a-hazarol-es-a-honvagyrol\/#breadcrumb"},"inLanguage":"hu","potentialAction":[{"@type":"ReadAction","target":["https:\/\/www.ungarn-in-sachsen.de\/hu\/wortschatz-a-legszebb-magyar-versek-a-hazarol-es-a-honvagyrol\/"]}]},{"@type":"BreadcrumbList","@id":"https:\/\/www.ungarn-in-sachsen.de\/hu\/wortschatz-a-legszebb-magyar-versek-a-hazarol-es-a-honvagyrol\/#breadcrumb","itemListElement":[{"@type":"ListItem","position":1,"name":"Startseite","item":"https:\/\/www.ungarn-in-sachsen.de\/hu\/"},{"@type":"ListItem","position":2,"name":"WortSchatz \u2013 A legszebb magyar versek a haz\u00e1r\u00f3l \u00e9s a honv\u00e1gyr\u00f3l"}]},{"@type":"WebSite","@id":"https:\/\/www.ungarn-in-sachsen.de\/hu\/#website","url":"https:\/\/www.ungarn-in-sachsen.de\/hu\/","name":"Ungarischer Kulturverein Chemnitz und Umgebung e. V.","description":"Treffpunkt f\u00fcr Freunde der ungarischen Kultur","publisher":{"@id":"https:\/\/www.ungarn-in-sachsen.de\/hu\/#organization"},"potentialAction":[{"@type":"SearchAction","target":{"@type":"EntryPoint","urlTemplate":"https:\/\/www.ungarn-in-sachsen.de\/hu\/?s={search_term_string}"},"query-input":{"@type":"PropertyValueSpecification","valueRequired":true,"valueName":"search_term_string"}}],"inLanguage":"hu"},{"@type":"Organization","@id":"https:\/\/www.ungarn-in-sachsen.de\/hu\/#organization","name":"Ungarischer Kulturverein Chemnitz und Umgebung e.V.","url":"https:\/\/www.ungarn-in-sachsen.de\/hu\/","logo":{"@type":"ImageObject","inLanguage":"hu","@id":"https:\/\/www.ungarn-in-sachsen.de\/hu\/#\/schema\/logo\/image\/","url":"https:\/\/www.ungarn-in-sachsen.de\/wp-content\/uploads\/2019\/04\/logo.jpg","contentUrl":"https:\/\/www.ungarn-in-sachsen.de\/wp-content\/uploads\/2019\/04\/logo.jpg","width":266,"height":170,"caption":"Ungarischer Kulturverein Chemnitz und Umgebung e.V."},"image":{"@id":"https:\/\/www.ungarn-in-sachsen.de\/hu\/#\/schema\/logo\/image\/"},"sameAs":["https:\/\/www.facebook.com\/Ungarischer-Kulturverein-Chemnitz-und-Umgebung-eV-229421257171599\/"]},{"@type":"Person","@id":"https:\/\/www.ungarn-in-sachsen.de\/hu\/#\/schema\/person\/0134c9680c14e08af40f4fd16196ae98","name":"Katalin","url":"https:\/\/www.ungarn-in-sachsen.de\/hu\/author\/admin\/"}]}},"_links":{"self":[{"href":"https:\/\/www.ungarn-in-sachsen.de\/hu\/wp-json\/wp\/v2\/posts\/35102","targetHints":{"allow":["GET"]}}],"collection":[{"href":"https:\/\/www.ungarn-in-sachsen.de\/hu\/wp-json\/wp\/v2\/posts"}],"about":[{"href":"https:\/\/www.ungarn-in-sachsen.de\/hu\/wp-json\/wp\/v2\/types\/post"}],"author":[{"embeddable":true,"href":"https:\/\/www.ungarn-in-sachsen.de\/hu\/wp-json\/wp\/v2\/users\/7"}],"replies":[{"embeddable":true,"href":"https:\/\/www.ungarn-in-sachsen.de\/hu\/wp-json\/wp\/v2\/comments?post=35102"}],"version-history":[{"count":0,"href":"https:\/\/www.ungarn-in-sachsen.de\/hu\/wp-json\/wp\/v2\/posts\/35102\/revisions"}],"wp:attachment":[{"href":"https:\/\/www.ungarn-in-sachsen.de\/hu\/wp-json\/wp\/v2\/media?parent=35102"}],"wp:term":[{"taxonomy":"category","embeddable":true,"href":"https:\/\/www.ungarn-in-sachsen.de\/hu\/wp-json\/wp\/v2\/categories?post=35102"},{"taxonomy":"post_tag","embeddable":true,"href":"https:\/\/www.ungarn-in-sachsen.de\/hu\/wp-json\/wp\/v2\/tags?post=35102"}],"curies":[{"name":"wp","href":"https:\/\/api.w.org\/{rel}","templated":true}]}}