{"id":35117,"date":"2025-08-23T18:46:59","date_gmt":"2025-08-23T16:46:59","guid":{"rendered":"https:\/\/www.ungarn-in-sachsen.de\/a-budapesti-gyermekvasut-kueldoettsege-latogatast-tesz-a-chemnitsi-parkvasuton\/"},"modified":"2025-08-23T18:47:14","modified_gmt":"2025-08-23T16:47:14","slug":"a-budapesti-gyermekvasut-kueldoettsege-latogatast-tesz-a-chemnitsi-parkvasuton","status":"publish","type":"post","link":"https:\/\/www.ungarn-in-sachsen.de\/hu\/a-budapesti-gyermekvasut-kueldoettsege-latogatast-tesz-a-chemnitsi-parkvasuton\/","title":{"rendered":"A budapesti gyermekvas\u00fat k\u00fcld\u00f6tts\u00e9ge l\u00e1togat\u00e1st tesz a chemnitsi parkvas\u00faton"},"content":{"rendered":"<p>[et_pb_section fb_built=&#8221;1&#8243; _builder_version=&#8221;4.16&#8243; global_colors_info=&#8221;{}&#8221;][et_pb_row _builder_version=&#8221;4.16&#8243; background_size=&#8221;initial&#8221; background_position=&#8221;top_left&#8221; background_repeat=&#8221;repeat&#8221; global_colors_info=&#8221;{}&#8221;][et_pb_column type=&#8221;4_4&#8243; _builder_version=&#8221;4.16&#8243; custom_padding=&#8221;|||&#8221; global_colors_info=&#8221;{}&#8221; custom_padding__hover=&#8221;|||&#8221;][et_pb_text _builder_version=&#8221;4.16&#8243; background_size=&#8221;initial&#8221; background_position=&#8221;top_left&#8221; background_repeat=&#8221;repeat&#8221; global_colors_info=&#8221;{}&#8221;]<!--:de-->A Chemnitzi Parkvas\u00fat \u00e9s a budapesti Gyermekvas\u00fat k\u00f6z\u00f6tti ny\u00e1ri csereprogram keret\u00e9ben h\u00e9t magyar vas\u00fati dolgoz\u00f3 l\u00e1togat el j\u00fanius 2. \u00e9s 10. k\u00f6z\u00f6tt a chemnitzi parkvas\u00fathoz. A gyerekeket \u00e9s n\u00e9gy k\u00eds\u00e9r\u0151j\u00fcket v\u00e1ltozatos \u00e9s izgalmas program v\u00e1rja:<\/p>\n<p>\u00cdgy az adelsbergi CVAG-\u00fczemtelep l\u00e1togat\u00e1sa mellett, ahol \u201egyermek villamosvezet\u0151i enged\u00e9ly\u201d szerezhet\u0151, \u00e9s a Sz\u00e1sz Vas\u00fati M\u00fazeum (3.6.) megtekint\u00e9se mellett, r\u00e9szt vesznek a Parkvas\u00fat Nemzetk\u00f6zi Gyermeknapj\u00e1n (5.6.), kir\u00e1ndul\u00e1s a Fichtelbergbahn vas\u00fatvonalra (j\u00fanius 6.), l\u00e1togat\u00e1s Berlinbe&nbsp;(j\u00fanius 7.) \u00e9s kir\u00e1ndul\u00e1s Drezd\u00e1ba g\u0151zhaj\u00f3val az Elba-szandstein-hegys\u00e9gbe j\u00fanius 8-\u00e1n szerepel a fiatal magyar vasutasok programj\u00e1ban.<\/p>\n<p>A l\u00e1togat\u00e1s egyik k\u00fcl\u00f6nleges cs\u00facspontja a Chemnitz \u00e9s k\u00f6rny\u00e9ke Magyar Kultur\u00e1lis Egyes\u00fclet\u00e9vel k\u00f6z\u00f6s est lesz p\u00e9nteken, j\u00fanius 3-\u00e1n. 17:00 \u00f3r\u00e1t\u00f3l a egyes\u00fclet a parkvas\u00fattal k\u00f6z\u00f6sen egy kis kultur\u00e1lis programot k\u00edn\u00e1l a chemnitzi lakosoknak a K\u00fcchwald vas\u00fat\u00e1llom\u00e1s melletti sz\u00ednpadon. Adam Rosenberger, a burgst\u00e4dt-i magyar specialit\u00e1sokat k\u00edn\u00e1l\u00f3 \u201eP\u00e1ri Cs\u00e1rda\u201d \u00e9tterem \u201e\u00e9nekl\u0151 vend\u00e9gl\u0151se\u201d zenekar\u00e1nak, a \u201eFogasch\u201d-nak t\u00f6bbi tagj\u00e1val egy\u00fctt tipikus magyar zen\u00e9t fog el\u0151adni. Ezt k\u00f6vet\u0151en egy hangulatos est\u00e9t t\u00f6lt\u00fcnk t\u00e1bort\u0171z \u00e9s kesselguly\u00e1s mellett a t\u00e1borhely ter\u00fclet\u00e9n, ahol a gyerekek a l\u00e1togat\u00e1suk alatt sz\u00e1ll\u00e1st kapnak.<\/p>\n<p>Reinhard Storch, a parkvas\u00fat m\u0171szaki igazgat\u00f3ja izgatottan v\u00e1rja a magyar vend\u00e9geket: \u201eAz \u00f6tlet a tavalyi budapesti gyermekvas\u00fatn\u00e1l tett els\u0151 tapasztalatcsere-l\u00e1togat\u00e1sunk sor\u00e1n sz\u00fcletett. Izgalmas programot szeretn\u00e9nk k\u00edn\u00e1lni vend\u00e9geinknek, amelynek keret\u00e9ben nemcsak a chemnitzi \u00e9s a budapesti vas\u00fat k\u00f6z\u00f6s von\u00e1sait \u00e9s k\u00fcl\u00f6nbs\u00e9geit ismerhetik meg, hanem a v\u00e1rost \u00e9s k\u00f6rny\u00e9k\u00e9t is. Sz\u00e1munkra a magyar gyerekek l\u00e1togat\u00e1sa egy k\u00fcl\u00f6n\u00f6sen sz\u00e9p esem\u00e9ny ebben az \u00e9vben, \u00e9s egy nagy l\u00e9p\u00e9s nemzetk\u00f6zi kapcsolataink b\u0151v\u00edt\u00e9se fel\u00e9.\u201d<\/p>\n<p>A magyar kultur\u00e1lis egyes\u00fclet is \u00f6r\u00fcl a magyar vend\u00e9gek l\u00e1togat\u00e1s\u00e1nak: \u201eAmikor megtudtuk a tervezett ny\u00e1ri csereprogramot, felvett\u00fck a kapcsolatot a parkvas\u00fattal, \u00e9s felaj\u00e1nlottuk seg\u00edts\u00e9g\u00fcnket a program megszervez\u00e9s\u00e9ben \u00e9s lebonyol\u00edt\u00e1s\u00e1ban. V\u00e9g\u00fcl is nem mindennap l\u00e1togatnak budapesti gyermekvasutasok Chemnitzbe\u201d \u2013 mondja J\u00e1nos Sz\u00f6ke, az egyes\u00fclet eln\u00f6ke.<\/p>\n<p><img decoding=\"async\" class=\"aligncenter\" src=\"http:\/\/www.ungarn-in-sachsen.eu\/images\/stories\/gyermekvasut.jpg\" alt=\"\" border=\"0\"\/><\/p>\n<address style=\"text-align: center;\">K\u00e9p forr\u00e1sa: www.kobufe.hu<\/address>\n<p><!--:--><br \/>\n[\/et_pb_text][\/et_pb_column][\/et_pb_row][\/et_pb_section]<\/p>\n","protected":false},"excerpt":{"rendered":"<p>A Chemnitzi Parkvas\u00fat \u00e9s a budapesti Gyermekvas\u00fat k\u00f6z\u00f6tti ny\u00e1ri csereprogram keret\u00e9ben h\u00e9t magyar vas\u00fati dolgoz\u00f3 l\u00e1togat el j\u00fanius 2. \u00e9s 10. k\u00f6z\u00f6tt a chemnitzi parkvas\u00fathoz. A gyerekeket \u00e9s n\u00e9gy k\u00eds\u00e9r\u0151j\u00fcket [&hellip;]<\/p>\n","protected":false},"author":7,"featured_media":0,"comment_status":"closed","ping_status":"closed","sticky":false,"template":"","format":"standard","meta":{"_et_pb_use_builder":"on","_et_pb_old_content":"","_et_gb_content_width":"","footnotes":""},"categories":[76],"tags":[],"class_list":["post-35117","post","type-post","status-publish","format-standard","hentry","category-allgemein-hu-2"],"yoast_head":"<!-- This site is optimized with the Yoast SEO plugin v27.5 - https:\/\/yoast.com\/product\/yoast-seo-wordpress\/ -->\n<title>A budapesti gyermekvas\u00fat k\u00fcld\u00f6tts\u00e9ge l\u00e1togat\u00e1st tesz a chemnitsi parkvas\u00faton - Ungarischer Kulturverein Chemnitz und Umgebung e. V.<\/title>\n<meta name=\"robots\" content=\"index, follow, max-snippet:-1, max-image-preview:large, max-video-preview:-1\" \/>\n<link rel=\"canonical\" href=\"https:\/\/www.ungarn-in-sachsen.de\/hu\/a-budapesti-gyermekvasut-kueldoettsege-latogatast-tesz-a-chemnitsi-parkvasuton\/\" \/>\n<meta property=\"og:locale\" content=\"hu_HU\" \/>\n<meta property=\"og:type\" content=\"article\" \/>\n<meta property=\"og:title\" content=\"A budapesti gyermekvas\u00fat k\u00fcld\u00f6tts\u00e9ge l\u00e1togat\u00e1st tesz a chemnitsi parkvas\u00faton - Ungarischer Kulturverein Chemnitz und Umgebung e. V.\" \/>\n<meta property=\"og:description\" content=\"A Chemnitzi Parkvas\u00fat \u00e9s a budapesti Gyermekvas\u00fat k\u00f6z\u00f6tti ny\u00e1ri csereprogram keret\u00e9ben h\u00e9t magyar vas\u00fati dolgoz\u00f3 l\u00e1togat el j\u00fanius 2. \u00e9s 10. k\u00f6z\u00f6tt a chemnitzi parkvas\u00fathoz. A gyerekeket \u00e9s n\u00e9gy k\u00eds\u00e9r\u0151j\u00fcket [&hellip;]\" \/>\n<meta property=\"og:url\" content=\"https:\/\/www.ungarn-in-sachsen.de\/hu\/a-budapesti-gyermekvasut-kueldoettsege-latogatast-tesz-a-chemnitsi-parkvasuton\/\" \/>\n<meta property=\"og:site_name\" content=\"Ungarischer Kulturverein Chemnitz und Umgebung e. V.\" \/>\n<meta property=\"article:publisher\" content=\"https:\/\/www.facebook.com\/Ungarischer-Kulturverein-Chemnitz-und-Umgebung-eV-229421257171599\/\" \/>\n<meta property=\"article:published_time\" content=\"2025-08-23T16:46:59+00:00\" \/>\n<meta property=\"article:modified_time\" content=\"2025-08-23T16:47:14+00:00\" \/>\n<meta property=\"og:image\" content=\"http:\/\/www.ungarn-in-sachsen.eu\/images\/stories\/gyermekvasut.jpg\" \/>\n<meta name=\"author\" content=\"Katalin\" \/>\n<meta name=\"twitter:card\" content=\"summary_large_image\" \/>\n<meta name=\"twitter:label1\" content=\"Szerz\u0151:\" \/>\n\t<meta name=\"twitter:data1\" content=\"Katalin\" \/>\n\t<meta name=\"twitter:label2\" content=\"Becs\u00fclt olvas\u00e1si id\u0151\" \/>\n\t<meta name=\"twitter:data2\" content=\"3 perc\" \/>\n<script type=\"application\/ld+json\" class=\"yoast-schema-graph\">{\"@context\":\"https:\\\/\\\/schema.org\",\"@graph\":[{\"@type\":\"Article\",\"@id\":\"https:\\\/\\\/www.ungarn-in-sachsen.de\\\/hu\\\/a-budapesti-gyermekvasut-kueldoettsege-latogatast-tesz-a-chemnitsi-parkvasuton\\\/#article\",\"isPartOf\":{\"@id\":\"https:\\\/\\\/www.ungarn-in-sachsen.de\\\/hu\\\/a-budapesti-gyermekvasut-kueldoettsege-latogatast-tesz-a-chemnitsi-parkvasuton\\\/\"},\"author\":{\"name\":\"Katalin\",\"@id\":\"https:\\\/\\\/www.ungarn-in-sachsen.de\\\/hu\\\/#\\\/schema\\\/person\\\/0134c9680c14e08af40f4fd16196ae98\"},\"headline\":\"A budapesti gyermekvas\u00fat k\u00fcld\u00f6tts\u00e9ge l\u00e1togat\u00e1st tesz a chemnitsi parkvas\u00faton\",\"datePublished\":\"2025-08-23T16:46:59+00:00\",\"dateModified\":\"2025-08-23T16:47:14+00:00\",\"mainEntityOfPage\":{\"@id\":\"https:\\\/\\\/www.ungarn-in-sachsen.de\\\/hu\\\/a-budapesti-gyermekvasut-kueldoettsege-latogatast-tesz-a-chemnitsi-parkvasuton\\\/\"},\"wordCount\":542,\"publisher\":{\"@id\":\"https:\\\/\\\/www.ungarn-in-sachsen.de\\\/hu\\\/#organization\"},\"image\":{\"@id\":\"https:\\\/\\\/www.ungarn-in-sachsen.de\\\/hu\\\/a-budapesti-gyermekvasut-kueldoettsege-latogatast-tesz-a-chemnitsi-parkvasuton\\\/#primaryimage\"},\"thumbnailUrl\":\"http:\\\/\\\/www.ungarn-in-sachsen.eu\\\/images\\\/stories\\\/gyermekvasut.jpg\",\"articleSection\":[\"Allgemein\"],\"inLanguage\":\"hu\"},{\"@type\":\"WebPage\",\"@id\":\"https:\\\/\\\/www.ungarn-in-sachsen.de\\\/hu\\\/a-budapesti-gyermekvasut-kueldoettsege-latogatast-tesz-a-chemnitsi-parkvasuton\\\/\",\"url\":\"https:\\\/\\\/www.ungarn-in-sachsen.de\\\/hu\\\/a-budapesti-gyermekvasut-kueldoettsege-latogatast-tesz-a-chemnitsi-parkvasuton\\\/\",\"name\":\"A budapesti gyermekvas\u00fat k\u00fcld\u00f6tts\u00e9ge l\u00e1togat\u00e1st tesz a chemnitsi parkvas\u00faton - Ungarischer Kulturverein Chemnitz und Umgebung e. V.\",\"isPartOf\":{\"@id\":\"https:\\\/\\\/www.ungarn-in-sachsen.de\\\/hu\\\/#website\"},\"primaryImageOfPage\":{\"@id\":\"https:\\\/\\\/www.ungarn-in-sachsen.de\\\/hu\\\/a-budapesti-gyermekvasut-kueldoettsege-latogatast-tesz-a-chemnitsi-parkvasuton\\\/#primaryimage\"},\"image\":{\"@id\":\"https:\\\/\\\/www.ungarn-in-sachsen.de\\\/hu\\\/a-budapesti-gyermekvasut-kueldoettsege-latogatast-tesz-a-chemnitsi-parkvasuton\\\/#primaryimage\"},\"thumbnailUrl\":\"http:\\\/\\\/www.ungarn-in-sachsen.eu\\\/images\\\/stories\\\/gyermekvasut.jpg\",\"datePublished\":\"2025-08-23T16:46:59+00:00\",\"dateModified\":\"2025-08-23T16:47:14+00:00\",\"breadcrumb\":{\"@id\":\"https:\\\/\\\/www.ungarn-in-sachsen.de\\\/hu\\\/a-budapesti-gyermekvasut-kueldoettsege-latogatast-tesz-a-chemnitsi-parkvasuton\\\/#breadcrumb\"},\"inLanguage\":\"hu\",\"potentialAction\":[{\"@type\":\"ReadAction\",\"target\":[\"https:\\\/\\\/www.ungarn-in-sachsen.de\\\/hu\\\/a-budapesti-gyermekvasut-kueldoettsege-latogatast-tesz-a-chemnitsi-parkvasuton\\\/\"]}]},{\"@type\":\"ImageObject\",\"inLanguage\":\"hu\",\"@id\":\"https:\\\/\\\/www.ungarn-in-sachsen.de\\\/hu\\\/a-budapesti-gyermekvasut-kueldoettsege-latogatast-tesz-a-chemnitsi-parkvasuton\\\/#primaryimage\",\"url\":\"http:\\\/\\\/www.ungarn-in-sachsen.eu\\\/images\\\/stories\\\/gyermekvasut.jpg\",\"contentUrl\":\"http:\\\/\\\/www.ungarn-in-sachsen.eu\\\/images\\\/stories\\\/gyermekvasut.jpg\"},{\"@type\":\"BreadcrumbList\",\"@id\":\"https:\\\/\\\/www.ungarn-in-sachsen.de\\\/hu\\\/a-budapesti-gyermekvasut-kueldoettsege-latogatast-tesz-a-chemnitsi-parkvasuton\\\/#breadcrumb\",\"itemListElement\":[{\"@type\":\"ListItem\",\"position\":1,\"name\":\"Startseite\",\"item\":\"https:\\\/\\\/www.ungarn-in-sachsen.de\\\/hu\\\/\"},{\"@type\":\"ListItem\",\"position\":2,\"name\":\"A budapesti gyermekvas\u00fat k\u00fcld\u00f6tts\u00e9ge l\u00e1togat\u00e1st tesz a chemnitsi parkvas\u00faton\"}]},{\"@type\":\"WebSite\",\"@id\":\"https:\\\/\\\/www.ungarn-in-sachsen.de\\\/hu\\\/#website\",\"url\":\"https:\\\/\\\/www.ungarn-in-sachsen.de\\\/hu\\\/\",\"name\":\"Ungarischer Kulturverein Chemnitz und Umgebung e. V.\",\"description\":\"Treffpunkt f\u00fcr Freunde der ungarischen Kultur\",\"publisher\":{\"@id\":\"https:\\\/\\\/www.ungarn-in-sachsen.de\\\/hu\\\/#organization\"},\"potentialAction\":[{\"@type\":\"SearchAction\",\"target\":{\"@type\":\"EntryPoint\",\"urlTemplate\":\"https:\\\/\\\/www.ungarn-in-sachsen.de\\\/hu\\\/?s={search_term_string}\"},\"query-input\":{\"@type\":\"PropertyValueSpecification\",\"valueRequired\":true,\"valueName\":\"search_term_string\"}}],\"inLanguage\":\"hu\"},{\"@type\":\"Organization\",\"@id\":\"https:\\\/\\\/www.ungarn-in-sachsen.de\\\/hu\\\/#organization\",\"name\":\"Ungarischer Kulturverein Chemnitz und Umgebung e.V.\",\"url\":\"https:\\\/\\\/www.ungarn-in-sachsen.de\\\/hu\\\/\",\"logo\":{\"@type\":\"ImageObject\",\"inLanguage\":\"hu\",\"@id\":\"https:\\\/\\\/www.ungarn-in-sachsen.de\\\/hu\\\/#\\\/schema\\\/logo\\\/image\\\/\",\"url\":\"https:\\\/\\\/www.ungarn-in-sachsen.de\\\/wp-content\\\/uploads\\\/2019\\\/04\\\/logo.jpg\",\"contentUrl\":\"https:\\\/\\\/www.ungarn-in-sachsen.de\\\/wp-content\\\/uploads\\\/2019\\\/04\\\/logo.jpg\",\"width\":266,\"height\":170,\"caption\":\"Ungarischer Kulturverein Chemnitz und Umgebung e.V.\"},\"image\":{\"@id\":\"https:\\\/\\\/www.ungarn-in-sachsen.de\\\/hu\\\/#\\\/schema\\\/logo\\\/image\\\/\"},\"sameAs\":[\"https:\\\/\\\/www.facebook.com\\\/Ungarischer-Kulturverein-Chemnitz-und-Umgebung-eV-229421257171599\\\/\"]},{\"@type\":\"Person\",\"@id\":\"https:\\\/\\\/www.ungarn-in-sachsen.de\\\/hu\\\/#\\\/schema\\\/person\\\/0134c9680c14e08af40f4fd16196ae98\",\"name\":\"Katalin\",\"url\":\"https:\\\/\\\/www.ungarn-in-sachsen.de\\\/hu\\\/author\\\/admin\\\/\"}]}<\/script>\n<!-- \/ Yoast SEO plugin. -->","yoast_head_json":{"title":"A budapesti gyermekvas\u00fat k\u00fcld\u00f6tts\u00e9ge l\u00e1togat\u00e1st tesz a chemnitsi parkvas\u00faton - Ungarischer Kulturverein Chemnitz und Umgebung e. V.","robots":{"index":"index","follow":"follow","max-snippet":"max-snippet:-1","max-image-preview":"max-image-preview:large","max-video-preview":"max-video-preview:-1"},"canonical":"https:\/\/www.ungarn-in-sachsen.de\/hu\/a-budapesti-gyermekvasut-kueldoettsege-latogatast-tesz-a-chemnitsi-parkvasuton\/","og_locale":"hu_HU","og_type":"article","og_title":"A budapesti gyermekvas\u00fat k\u00fcld\u00f6tts\u00e9ge l\u00e1togat\u00e1st tesz a chemnitsi parkvas\u00faton - Ungarischer Kulturverein Chemnitz und Umgebung e. V.","og_description":"A Chemnitzi Parkvas\u00fat \u00e9s a budapesti Gyermekvas\u00fat k\u00f6z\u00f6tti ny\u00e1ri csereprogram keret\u00e9ben h\u00e9t magyar vas\u00fati dolgoz\u00f3 l\u00e1togat el j\u00fanius 2. \u00e9s 10. k\u00f6z\u00f6tt a chemnitzi parkvas\u00fathoz. A gyerekeket \u00e9s n\u00e9gy k\u00eds\u00e9r\u0151j\u00fcket [&hellip;]","og_url":"https:\/\/www.ungarn-in-sachsen.de\/hu\/a-budapesti-gyermekvasut-kueldoettsege-latogatast-tesz-a-chemnitsi-parkvasuton\/","og_site_name":"Ungarischer Kulturverein Chemnitz und Umgebung e. V.","article_publisher":"https:\/\/www.facebook.com\/Ungarischer-Kulturverein-Chemnitz-und-Umgebung-eV-229421257171599\/","article_published_time":"2025-08-23T16:46:59+00:00","article_modified_time":"2025-08-23T16:47:14+00:00","og_image":[{"url":"http:\/\/www.ungarn-in-sachsen.eu\/images\/stories\/gyermekvasut.jpg","type":"","width":"","height":""}],"author":"Katalin","twitter_card":"summary_large_image","twitter_misc":{"Szerz\u0151:":"Katalin","Becs\u00fclt olvas\u00e1si id\u0151":"3 perc"},"schema":{"@context":"https:\/\/schema.org","@graph":[{"@type":"Article","@id":"https:\/\/www.ungarn-in-sachsen.de\/hu\/a-budapesti-gyermekvasut-kueldoettsege-latogatast-tesz-a-chemnitsi-parkvasuton\/#article","isPartOf":{"@id":"https:\/\/www.ungarn-in-sachsen.de\/hu\/a-budapesti-gyermekvasut-kueldoettsege-latogatast-tesz-a-chemnitsi-parkvasuton\/"},"author":{"name":"Katalin","@id":"https:\/\/www.ungarn-in-sachsen.de\/hu\/#\/schema\/person\/0134c9680c14e08af40f4fd16196ae98"},"headline":"A budapesti gyermekvas\u00fat k\u00fcld\u00f6tts\u00e9ge l\u00e1togat\u00e1st tesz a chemnitsi parkvas\u00faton","datePublished":"2025-08-23T16:46:59+00:00","dateModified":"2025-08-23T16:47:14+00:00","mainEntityOfPage":{"@id":"https:\/\/www.ungarn-in-sachsen.de\/hu\/a-budapesti-gyermekvasut-kueldoettsege-latogatast-tesz-a-chemnitsi-parkvasuton\/"},"wordCount":542,"publisher":{"@id":"https:\/\/www.ungarn-in-sachsen.de\/hu\/#organization"},"image":{"@id":"https:\/\/www.ungarn-in-sachsen.de\/hu\/a-budapesti-gyermekvasut-kueldoettsege-latogatast-tesz-a-chemnitsi-parkvasuton\/#primaryimage"},"thumbnailUrl":"http:\/\/www.ungarn-in-sachsen.eu\/images\/stories\/gyermekvasut.jpg","articleSection":["Allgemein"],"inLanguage":"hu"},{"@type":"WebPage","@id":"https:\/\/www.ungarn-in-sachsen.de\/hu\/a-budapesti-gyermekvasut-kueldoettsege-latogatast-tesz-a-chemnitsi-parkvasuton\/","url":"https:\/\/www.ungarn-in-sachsen.de\/hu\/a-budapesti-gyermekvasut-kueldoettsege-latogatast-tesz-a-chemnitsi-parkvasuton\/","name":"A budapesti gyermekvas\u00fat k\u00fcld\u00f6tts\u00e9ge l\u00e1togat\u00e1st tesz a chemnitsi parkvas\u00faton - Ungarischer Kulturverein Chemnitz und Umgebung e. V.","isPartOf":{"@id":"https:\/\/www.ungarn-in-sachsen.de\/hu\/#website"},"primaryImageOfPage":{"@id":"https:\/\/www.ungarn-in-sachsen.de\/hu\/a-budapesti-gyermekvasut-kueldoettsege-latogatast-tesz-a-chemnitsi-parkvasuton\/#primaryimage"},"image":{"@id":"https:\/\/www.ungarn-in-sachsen.de\/hu\/a-budapesti-gyermekvasut-kueldoettsege-latogatast-tesz-a-chemnitsi-parkvasuton\/#primaryimage"},"thumbnailUrl":"http:\/\/www.ungarn-in-sachsen.eu\/images\/stories\/gyermekvasut.jpg","datePublished":"2025-08-23T16:46:59+00:00","dateModified":"2025-08-23T16:47:14+00:00","breadcrumb":{"@id":"https:\/\/www.ungarn-in-sachsen.de\/hu\/a-budapesti-gyermekvasut-kueldoettsege-latogatast-tesz-a-chemnitsi-parkvasuton\/#breadcrumb"},"inLanguage":"hu","potentialAction":[{"@type":"ReadAction","target":["https:\/\/www.ungarn-in-sachsen.de\/hu\/a-budapesti-gyermekvasut-kueldoettsege-latogatast-tesz-a-chemnitsi-parkvasuton\/"]}]},{"@type":"ImageObject","inLanguage":"hu","@id":"https:\/\/www.ungarn-in-sachsen.de\/hu\/a-budapesti-gyermekvasut-kueldoettsege-latogatast-tesz-a-chemnitsi-parkvasuton\/#primaryimage","url":"http:\/\/www.ungarn-in-sachsen.eu\/images\/stories\/gyermekvasut.jpg","contentUrl":"http:\/\/www.ungarn-in-sachsen.eu\/images\/stories\/gyermekvasut.jpg"},{"@type":"BreadcrumbList","@id":"https:\/\/www.ungarn-in-sachsen.de\/hu\/a-budapesti-gyermekvasut-kueldoettsege-latogatast-tesz-a-chemnitsi-parkvasuton\/#breadcrumb","itemListElement":[{"@type":"ListItem","position":1,"name":"Startseite","item":"https:\/\/www.ungarn-in-sachsen.de\/hu\/"},{"@type":"ListItem","position":2,"name":"A budapesti gyermekvas\u00fat k\u00fcld\u00f6tts\u00e9ge l\u00e1togat\u00e1st tesz a chemnitsi parkvas\u00faton"}]},{"@type":"WebSite","@id":"https:\/\/www.ungarn-in-sachsen.de\/hu\/#website","url":"https:\/\/www.ungarn-in-sachsen.de\/hu\/","name":"Ungarischer Kulturverein Chemnitz und Umgebung e. V.","description":"Treffpunkt f\u00fcr Freunde der ungarischen Kultur","publisher":{"@id":"https:\/\/www.ungarn-in-sachsen.de\/hu\/#organization"},"potentialAction":[{"@type":"SearchAction","target":{"@type":"EntryPoint","urlTemplate":"https:\/\/www.ungarn-in-sachsen.de\/hu\/?s={search_term_string}"},"query-input":{"@type":"PropertyValueSpecification","valueRequired":true,"valueName":"search_term_string"}}],"inLanguage":"hu"},{"@type":"Organization","@id":"https:\/\/www.ungarn-in-sachsen.de\/hu\/#organization","name":"Ungarischer Kulturverein Chemnitz und Umgebung e.V.","url":"https:\/\/www.ungarn-in-sachsen.de\/hu\/","logo":{"@type":"ImageObject","inLanguage":"hu","@id":"https:\/\/www.ungarn-in-sachsen.de\/hu\/#\/schema\/logo\/image\/","url":"https:\/\/www.ungarn-in-sachsen.de\/wp-content\/uploads\/2019\/04\/logo.jpg","contentUrl":"https:\/\/www.ungarn-in-sachsen.de\/wp-content\/uploads\/2019\/04\/logo.jpg","width":266,"height":170,"caption":"Ungarischer Kulturverein Chemnitz und Umgebung e.V."},"image":{"@id":"https:\/\/www.ungarn-in-sachsen.de\/hu\/#\/schema\/logo\/image\/"},"sameAs":["https:\/\/www.facebook.com\/Ungarischer-Kulturverein-Chemnitz-und-Umgebung-eV-229421257171599\/"]},{"@type":"Person","@id":"https:\/\/www.ungarn-in-sachsen.de\/hu\/#\/schema\/person\/0134c9680c14e08af40f4fd16196ae98","name":"Katalin","url":"https:\/\/www.ungarn-in-sachsen.de\/hu\/author\/admin\/"}]}},"_links":{"self":[{"href":"https:\/\/www.ungarn-in-sachsen.de\/hu\/wp-json\/wp\/v2\/posts\/35117","targetHints":{"allow":["GET"]}}],"collection":[{"href":"https:\/\/www.ungarn-in-sachsen.de\/hu\/wp-json\/wp\/v2\/posts"}],"about":[{"href":"https:\/\/www.ungarn-in-sachsen.de\/hu\/wp-json\/wp\/v2\/types\/post"}],"author":[{"embeddable":true,"href":"https:\/\/www.ungarn-in-sachsen.de\/hu\/wp-json\/wp\/v2\/users\/7"}],"replies":[{"embeddable":true,"href":"https:\/\/www.ungarn-in-sachsen.de\/hu\/wp-json\/wp\/v2\/comments?post=35117"}],"version-history":[{"count":0,"href":"https:\/\/www.ungarn-in-sachsen.de\/hu\/wp-json\/wp\/v2\/posts\/35117\/revisions"}],"wp:attachment":[{"href":"https:\/\/www.ungarn-in-sachsen.de\/hu\/wp-json\/wp\/v2\/media?parent=35117"}],"wp:term":[{"taxonomy":"category","embeddable":true,"href":"https:\/\/www.ungarn-in-sachsen.de\/hu\/wp-json\/wp\/v2\/categories?post=35117"},{"taxonomy":"post_tag","embeddable":true,"href":"https:\/\/www.ungarn-in-sachsen.de\/hu\/wp-json\/wp\/v2\/tags?post=35117"}],"curies":[{"name":"wp","href":"https:\/\/api.w.org\/{rel}","templated":true}]}}