{"id":35135,"date":"2025-08-23T19:01:08","date_gmt":"2025-08-23T17:01:08","guid":{"rendered":"https:\/\/www.ungarn-in-sachsen.de\/filmbemutato-foel-a-motorra-es-adjad-neki-a-chemnitzi-interkulturalis-filmhet-kereteben\/"},"modified":"2025-08-23T19:05:59","modified_gmt":"2025-08-23T17:05:59","slug":"filmbemutato-foel-a-motorra-es-adjad-neki-a-chemnitzi-interkulturalis-filmhet-kereteben","status":"publish","type":"post","link":"https:\/\/www.ungarn-in-sachsen.de\/hu\/filmbemutato-foel-a-motorra-es-adjad-neki-a-chemnitzi-interkulturalis-filmhet-kereteben\/","title":{"rendered":"Filmbemutat\u00f3 &#8222;F\u00f6l a motorra \u00e9s adjad neki!&#8221; a chemnitzi Interkultur\u00e1lis Filmh\u00e9t keret\u00e9ben"},"content":{"rendered":"<p>[et_pb_section fb_built=&#8221;1&#8243; _builder_version=&#8221;4.16&#8243; global_colors_info=&#8221;{}&#8221;][et_pb_row _builder_version=&#8221;4.16&#8243; background_size=&#8221;initial&#8221; background_position=&#8221;top_left&#8221; background_repeat=&#8221;repeat&#8221; global_colors_info=&#8221;{}&#8221;][et_pb_column type=&#8221;4_4&#8243; _builder_version=&#8221;4.16&#8243; custom_padding=&#8221;|||&#8221; global_colors_info=&#8221;{}&#8221; custom_padding__hover=&#8221;|||&#8221;][et_pb_text _builder_version=&#8221;4.27.4&#8243; background_size=&#8221;initial&#8221; background_position=&#8221;top_left&#8221; background_repeat=&#8221;repeat&#8221; global_colors_info=&#8221;{}&#8221;]<\/p>\n<p><strong>Amikor 50 \u00e9vvel ezel\u0151tt a magyarok \u00e9rkeztek \u2013 A magyar szerz\u0151d\u00e9ses munk\u00e1sok nyom\u00e1ban Karl-Marx-Stadtban<\/strong><\/p>\n<p>A \u201e50 \u00e9ves magyar szerz\u0151d\u00e9ses munkav\u00e1llal\u00f3k a NDK-ban\u201d jubileum alkalm\u00e1b\u00f3l a Chemnitz \u00e9s k\u00f6rny\u00e9ke Magyar Kultur\u00e1lis Egyes\u00fclet bemutatja a filmet.<\/p>\n<p align=\"center\"><strong>F\u00f6l a motorra \u00e9s adjad neki!<\/strong><\/p>\n<p>Magyar dokumentumfilm, 60 perc, 2002<\/p>\n<p>Nyelv: magyar<\/p>\n<p>1967-ben egy\u00fcttm\u0171k\u00f6d\u00e9si meg\u00e1llapod\u00e1s j\u00f6tt l\u00e9tre az NDK \u00e9s Magyarorsz\u00e1g k\u00f6z\u00f6tt. A 18 \u00e9s 26 \u00e9v k\u00f6z\u00f6tti fiatalok h\u00e1rom \u00e9vre j\u00f6ttek ide, hogy r\u00e9szt vegyenek a szakk\u00e9pz\u00e9sben \u00e9s a nyelvtanul\u00e1sban, de els\u0151sorban a kalandv\u00e1gy miatt. 1983-ig k\u00f6zel 40 000 fiatal \u00e9rkezett szerz\u0151d\u00e9ses munkav\u00e1llal\u00f3k\u00e9nt az NDK-ba. A filmben egykori \u201eszerz\u0151d\u00e9ses munk\u00e1sok\u201d mes\u00e9lnek az \u00e9vekr\u0151l: munk\u00e1jukr\u00f3l, a diszk\u00f3k vil\u00e1g\u00e1r\u00f3l, kalandos \u00fczleteikr\u0151l \u00e9s motoros \u00e9lm\u00e9nyeikr\u0151l. Sokan a rend\u0151rs\u00e9g \u00e9s a Stasi figyelm\u00e9t is magukra vonj\u00e1k.<\/p>\n<p>Gy\u00e1rt\u00f3: Buglya S\u00e1ndor<\/p>\n<p>Rendez\u0151: Uhrin Tam\u00e1s<\/p>\n<p>Kamera: \u00c1goston Andr\u00e1s<\/p>\n<p>A filmet a producer, Buglya S\u00e1ndor ingyenesen bocs\u00e1totta a Chemnitz \u00e9s k\u00f6rny\u00e9ke Magyar Kultur\u00e1lis Egyes\u00fclet rendelkez\u00e9s\u00e9re vet\u00edt\u00e9s c\u00e9lj\u00e1b\u00f3l.<\/p>\n<p><img loading=\"lazy\" decoding=\"async\" class=\"aligncenter\" src=\"http:\/\/www.ungarn-in-sachsen.de\/wp-content\/uploads\/2017\/10\/bild-225x300.jpg\" alt=\"k\u00e9p\" width=\"225\" height=\"300\" data-pagespeed-url-hash=\"1543194275\"\/><\/p>\n<p align=\"center\">P\u00e9ter Gy\u00f6rk\u00f6s, magyar nagyk\u00f6vet Berlinben, a magyar szerz\u0151d\u00e9ses munkav\u00e1llal\u00f3k NDK-ban t\u00f6lt\u00f6tt 50 \u00e9v\u00e9nek eml\u00e9k\u00e9re 2017. okt\u00f3ber 5-\u00e9n Chemnitzben felavatott eml\u00e9kt\u00e1bla \u00fcnneps\u00e9g\u00e9n.<\/p>\n<p>[\/et_pb_text][\/et_pb_column][\/et_pb_row][\/et_pb_section]<\/p>\n","protected":false},"excerpt":{"rendered":"<p>Amikor 50 \u00e9vvel ezel\u0151tt a magyarok \u00e9rkeztek \u2013 A magyar szerz\u0151d\u00e9ses munk\u00e1sok nyom\u00e1ban Karl-Marx-Stadtban A \u201e50 \u00e9ves magyar szerz\u0151d\u00e9ses munkav\u00e1llal\u00f3k a NDK-ban\u201d jubileum alkalm\u00e1b\u00f3l a Chemnitz \u00e9s k\u00f6rny\u00e9ke Magyar Kultur\u00e1lis [&hellip;]<\/p>\n","protected":false},"author":7,"featured_media":0,"comment_status":"closed","ping_status":"closed","sticky":false,"template":"","format":"standard","meta":{"_et_pb_use_builder":"on","_et_pb_old_content":"","_et_gb_content_width":"","footnotes":""},"categories":[76],"tags":[],"class_list":["post-35135","post","type-post","status-publish","format-standard","hentry","category-allgemein-hu-2"],"yoast_head":"<!-- This site is optimized with the Yoast SEO plugin v27.5 - https:\/\/yoast.com\/product\/yoast-seo-wordpress\/ -->\n<title>Filmbemutat\u00f3 &quot;F\u00f6l a motorra \u00e9s adjad neki!&quot; a chemnitzi Interkultur\u00e1lis Filmh\u00e9t keret\u00e9ben - Ungarischer Kulturverein Chemnitz und Umgebung e. V.<\/title>\n<meta name=\"robots\" content=\"index, follow, max-snippet:-1, max-image-preview:large, max-video-preview:-1\" \/>\n<link rel=\"canonical\" href=\"https:\/\/www.ungarn-in-sachsen.de\/hu\/filmbemutato-foel-a-motorra-es-adjad-neki-a-chemnitzi-interkulturalis-filmhet-kereteben\/\" \/>\n<meta property=\"og:locale\" content=\"hu_HU\" \/>\n<meta property=\"og:type\" content=\"article\" \/>\n<meta property=\"og:title\" content=\"Filmbemutat\u00f3 &quot;F\u00f6l a motorra \u00e9s adjad neki!&quot; a chemnitzi Interkultur\u00e1lis Filmh\u00e9t keret\u00e9ben - Ungarischer Kulturverein Chemnitz und Umgebung e. V.\" \/>\n<meta property=\"og:description\" content=\"Amikor 50 \u00e9vvel ezel\u0151tt a magyarok \u00e9rkeztek \u2013 A magyar szerz\u0151d\u00e9ses munk\u00e1sok nyom\u00e1ban Karl-Marx-Stadtban A \u201e50 \u00e9ves magyar szerz\u0151d\u00e9ses munkav\u00e1llal\u00f3k a NDK-ban\u201d jubileum alkalm\u00e1b\u00f3l a Chemnitz \u00e9s k\u00f6rny\u00e9ke Magyar Kultur\u00e1lis [&hellip;]\" \/>\n<meta property=\"og:url\" content=\"https:\/\/www.ungarn-in-sachsen.de\/hu\/filmbemutato-foel-a-motorra-es-adjad-neki-a-chemnitzi-interkulturalis-filmhet-kereteben\/\" \/>\n<meta property=\"og:site_name\" content=\"Ungarischer Kulturverein Chemnitz und Umgebung e. V.\" \/>\n<meta property=\"article:publisher\" content=\"https:\/\/www.facebook.com\/Ungarischer-Kulturverein-Chemnitz-und-Umgebung-eV-229421257171599\/\" \/>\n<meta property=\"article:published_time\" content=\"2025-08-23T17:01:08+00:00\" \/>\n<meta property=\"article:modified_time\" content=\"2025-08-23T17:05:59+00:00\" \/>\n<meta property=\"og:image\" content=\"http:\/\/www.ungarn-in-sachsen.de\/wp-content\/uploads\/2017\/10\/bild-225x300.jpg\" \/>\n<meta name=\"author\" content=\"Katalin\" \/>\n<meta name=\"twitter:card\" content=\"summary_large_image\" \/>\n<meta name=\"twitter:label1\" content=\"Szerz\u0151:\" \/>\n\t<meta name=\"twitter:data1\" content=\"Katalin\" \/>\n\t<meta name=\"twitter:label2\" content=\"Becs\u00fclt olvas\u00e1si id\u0151\" \/>\n\t<meta name=\"twitter:data2\" content=\"2 perc\" \/>\n<script type=\"application\/ld+json\" class=\"yoast-schema-graph\">{\"@context\":\"https:\\\/\\\/schema.org\",\"@graph\":[{\"@type\":\"Article\",\"@id\":\"https:\\\/\\\/www.ungarn-in-sachsen.de\\\/hu\\\/filmbemutato-foel-a-motorra-es-adjad-neki-a-chemnitzi-interkulturalis-filmhet-kereteben\\\/#article\",\"isPartOf\":{\"@id\":\"https:\\\/\\\/www.ungarn-in-sachsen.de\\\/hu\\\/filmbemutato-foel-a-motorra-es-adjad-neki-a-chemnitzi-interkulturalis-filmhet-kereteben\\\/\"},\"author\":{\"name\":\"Katalin\",\"@id\":\"https:\\\/\\\/www.ungarn-in-sachsen.de\\\/hu\\\/#\\\/schema\\\/person\\\/0134c9680c14e08af40f4fd16196ae98\"},\"headline\":\"Filmbemutat\u00f3 &#8222;F\u00f6l a motorra \u00e9s adjad neki!&#8221; a chemnitzi Interkultur\u00e1lis Filmh\u00e9t keret\u00e9ben\",\"datePublished\":\"2025-08-23T17:01:08+00:00\",\"dateModified\":\"2025-08-23T17:05:59+00:00\",\"mainEntityOfPage\":{\"@id\":\"https:\\\/\\\/www.ungarn-in-sachsen.de\\\/hu\\\/filmbemutato-foel-a-motorra-es-adjad-neki-a-chemnitzi-interkulturalis-filmhet-kereteben\\\/\"},\"wordCount\":340,\"publisher\":{\"@id\":\"https:\\\/\\\/www.ungarn-in-sachsen.de\\\/hu\\\/#organization\"},\"image\":{\"@id\":\"https:\\\/\\\/www.ungarn-in-sachsen.de\\\/hu\\\/filmbemutato-foel-a-motorra-es-adjad-neki-a-chemnitzi-interkulturalis-filmhet-kereteben\\\/#primaryimage\"},\"thumbnailUrl\":\"http:\\\/\\\/www.ungarn-in-sachsen.de\\\/wp-content\\\/uploads\\\/2017\\\/10\\\/bild-225x300.jpg\",\"articleSection\":[\"Allgemein\"],\"inLanguage\":\"hu\"},{\"@type\":\"WebPage\",\"@id\":\"https:\\\/\\\/www.ungarn-in-sachsen.de\\\/hu\\\/filmbemutato-foel-a-motorra-es-adjad-neki-a-chemnitzi-interkulturalis-filmhet-kereteben\\\/\",\"url\":\"https:\\\/\\\/www.ungarn-in-sachsen.de\\\/hu\\\/filmbemutato-foel-a-motorra-es-adjad-neki-a-chemnitzi-interkulturalis-filmhet-kereteben\\\/\",\"name\":\"Filmbemutat\u00f3 \\\"F\u00f6l a motorra \u00e9s adjad neki!\\\" a chemnitzi Interkultur\u00e1lis Filmh\u00e9t keret\u00e9ben - Ungarischer Kulturverein Chemnitz und Umgebung e. V.\",\"isPartOf\":{\"@id\":\"https:\\\/\\\/www.ungarn-in-sachsen.de\\\/hu\\\/#website\"},\"primaryImageOfPage\":{\"@id\":\"https:\\\/\\\/www.ungarn-in-sachsen.de\\\/hu\\\/filmbemutato-foel-a-motorra-es-adjad-neki-a-chemnitzi-interkulturalis-filmhet-kereteben\\\/#primaryimage\"},\"image\":{\"@id\":\"https:\\\/\\\/www.ungarn-in-sachsen.de\\\/hu\\\/filmbemutato-foel-a-motorra-es-adjad-neki-a-chemnitzi-interkulturalis-filmhet-kereteben\\\/#primaryimage\"},\"thumbnailUrl\":\"http:\\\/\\\/www.ungarn-in-sachsen.de\\\/wp-content\\\/uploads\\\/2017\\\/10\\\/bild-225x300.jpg\",\"datePublished\":\"2025-08-23T17:01:08+00:00\",\"dateModified\":\"2025-08-23T17:05:59+00:00\",\"breadcrumb\":{\"@id\":\"https:\\\/\\\/www.ungarn-in-sachsen.de\\\/hu\\\/filmbemutato-foel-a-motorra-es-adjad-neki-a-chemnitzi-interkulturalis-filmhet-kereteben\\\/#breadcrumb\"},\"inLanguage\":\"hu\",\"potentialAction\":[{\"@type\":\"ReadAction\",\"target\":[\"https:\\\/\\\/www.ungarn-in-sachsen.de\\\/hu\\\/filmbemutato-foel-a-motorra-es-adjad-neki-a-chemnitzi-interkulturalis-filmhet-kereteben\\\/\"]}]},{\"@type\":\"ImageObject\",\"inLanguage\":\"hu\",\"@id\":\"https:\\\/\\\/www.ungarn-in-sachsen.de\\\/hu\\\/filmbemutato-foel-a-motorra-es-adjad-neki-a-chemnitzi-interkulturalis-filmhet-kereteben\\\/#primaryimage\",\"url\":\"http:\\\/\\\/www.ungarn-in-sachsen.de\\\/wp-content\\\/uploads\\\/2017\\\/10\\\/bild-225x300.jpg\",\"contentUrl\":\"http:\\\/\\\/www.ungarn-in-sachsen.de\\\/wp-content\\\/uploads\\\/2017\\\/10\\\/bild-225x300.jpg\"},{\"@type\":\"BreadcrumbList\",\"@id\":\"https:\\\/\\\/www.ungarn-in-sachsen.de\\\/hu\\\/filmbemutato-foel-a-motorra-es-adjad-neki-a-chemnitzi-interkulturalis-filmhet-kereteben\\\/#breadcrumb\",\"itemListElement\":[{\"@type\":\"ListItem\",\"position\":1,\"name\":\"Startseite\",\"item\":\"https:\\\/\\\/www.ungarn-in-sachsen.de\\\/hu\\\/\"},{\"@type\":\"ListItem\",\"position\":2,\"name\":\"Filmbemutat\u00f3 &#8220;F\u00f6l a motorra \u00e9s adjad neki!&#8221; a chemnitzi Interkultur\u00e1lis Filmh\u00e9t keret\u00e9ben\"}]},{\"@type\":\"WebSite\",\"@id\":\"https:\\\/\\\/www.ungarn-in-sachsen.de\\\/hu\\\/#website\",\"url\":\"https:\\\/\\\/www.ungarn-in-sachsen.de\\\/hu\\\/\",\"name\":\"Ungarischer Kulturverein Chemnitz und Umgebung e. V.\",\"description\":\"Treffpunkt f\u00fcr Freunde der ungarischen Kultur\",\"publisher\":{\"@id\":\"https:\\\/\\\/www.ungarn-in-sachsen.de\\\/hu\\\/#organization\"},\"potentialAction\":[{\"@type\":\"SearchAction\",\"target\":{\"@type\":\"EntryPoint\",\"urlTemplate\":\"https:\\\/\\\/www.ungarn-in-sachsen.de\\\/hu\\\/?s={search_term_string}\"},\"query-input\":{\"@type\":\"PropertyValueSpecification\",\"valueRequired\":true,\"valueName\":\"search_term_string\"}}],\"inLanguage\":\"hu\"},{\"@type\":\"Organization\",\"@id\":\"https:\\\/\\\/www.ungarn-in-sachsen.de\\\/hu\\\/#organization\",\"name\":\"Ungarischer Kulturverein Chemnitz und Umgebung e.V.\",\"url\":\"https:\\\/\\\/www.ungarn-in-sachsen.de\\\/hu\\\/\",\"logo\":{\"@type\":\"ImageObject\",\"inLanguage\":\"hu\",\"@id\":\"https:\\\/\\\/www.ungarn-in-sachsen.de\\\/hu\\\/#\\\/schema\\\/logo\\\/image\\\/\",\"url\":\"https:\\\/\\\/www.ungarn-in-sachsen.de\\\/wp-content\\\/uploads\\\/2019\\\/04\\\/logo.jpg\",\"contentUrl\":\"https:\\\/\\\/www.ungarn-in-sachsen.de\\\/wp-content\\\/uploads\\\/2019\\\/04\\\/logo.jpg\",\"width\":266,\"height\":170,\"caption\":\"Ungarischer Kulturverein Chemnitz und Umgebung e.V.\"},\"image\":{\"@id\":\"https:\\\/\\\/www.ungarn-in-sachsen.de\\\/hu\\\/#\\\/schema\\\/logo\\\/image\\\/\"},\"sameAs\":[\"https:\\\/\\\/www.facebook.com\\\/Ungarischer-Kulturverein-Chemnitz-und-Umgebung-eV-229421257171599\\\/\"]},{\"@type\":\"Person\",\"@id\":\"https:\\\/\\\/www.ungarn-in-sachsen.de\\\/hu\\\/#\\\/schema\\\/person\\\/0134c9680c14e08af40f4fd16196ae98\",\"name\":\"Katalin\",\"url\":\"https:\\\/\\\/www.ungarn-in-sachsen.de\\\/hu\\\/author\\\/admin\\\/\"}]}<\/script>\n<!-- \/ Yoast SEO plugin. -->","yoast_head_json":{"title":"Filmbemutat\u00f3 \"F\u00f6l a motorra \u00e9s adjad neki!\" a chemnitzi Interkultur\u00e1lis Filmh\u00e9t keret\u00e9ben - Ungarischer Kulturverein Chemnitz und Umgebung e. V.","robots":{"index":"index","follow":"follow","max-snippet":"max-snippet:-1","max-image-preview":"max-image-preview:large","max-video-preview":"max-video-preview:-1"},"canonical":"https:\/\/www.ungarn-in-sachsen.de\/hu\/filmbemutato-foel-a-motorra-es-adjad-neki-a-chemnitzi-interkulturalis-filmhet-kereteben\/","og_locale":"hu_HU","og_type":"article","og_title":"Filmbemutat\u00f3 \"F\u00f6l a motorra \u00e9s adjad neki!\" a chemnitzi Interkultur\u00e1lis Filmh\u00e9t keret\u00e9ben - Ungarischer Kulturverein Chemnitz und Umgebung e. V.","og_description":"Amikor 50 \u00e9vvel ezel\u0151tt a magyarok \u00e9rkeztek \u2013 A magyar szerz\u0151d\u00e9ses munk\u00e1sok nyom\u00e1ban Karl-Marx-Stadtban A \u201e50 \u00e9ves magyar szerz\u0151d\u00e9ses munkav\u00e1llal\u00f3k a NDK-ban\u201d jubileum alkalm\u00e1b\u00f3l a Chemnitz \u00e9s k\u00f6rny\u00e9ke Magyar Kultur\u00e1lis [&hellip;]","og_url":"https:\/\/www.ungarn-in-sachsen.de\/hu\/filmbemutato-foel-a-motorra-es-adjad-neki-a-chemnitzi-interkulturalis-filmhet-kereteben\/","og_site_name":"Ungarischer Kulturverein Chemnitz und Umgebung e. V.","article_publisher":"https:\/\/www.facebook.com\/Ungarischer-Kulturverein-Chemnitz-und-Umgebung-eV-229421257171599\/","article_published_time":"2025-08-23T17:01:08+00:00","article_modified_time":"2025-08-23T17:05:59+00:00","og_image":[{"url":"http:\/\/www.ungarn-in-sachsen.de\/wp-content\/uploads\/2017\/10\/bild-225x300.jpg","type":"","width":"","height":""}],"author":"Katalin","twitter_card":"summary_large_image","twitter_misc":{"Szerz\u0151:":"Katalin","Becs\u00fclt olvas\u00e1si id\u0151":"2 perc"},"schema":{"@context":"https:\/\/schema.org","@graph":[{"@type":"Article","@id":"https:\/\/www.ungarn-in-sachsen.de\/hu\/filmbemutato-foel-a-motorra-es-adjad-neki-a-chemnitzi-interkulturalis-filmhet-kereteben\/#article","isPartOf":{"@id":"https:\/\/www.ungarn-in-sachsen.de\/hu\/filmbemutato-foel-a-motorra-es-adjad-neki-a-chemnitzi-interkulturalis-filmhet-kereteben\/"},"author":{"name":"Katalin","@id":"https:\/\/www.ungarn-in-sachsen.de\/hu\/#\/schema\/person\/0134c9680c14e08af40f4fd16196ae98"},"headline":"Filmbemutat\u00f3 &#8222;F\u00f6l a motorra \u00e9s adjad neki!&#8221; a chemnitzi Interkultur\u00e1lis Filmh\u00e9t keret\u00e9ben","datePublished":"2025-08-23T17:01:08+00:00","dateModified":"2025-08-23T17:05:59+00:00","mainEntityOfPage":{"@id":"https:\/\/www.ungarn-in-sachsen.de\/hu\/filmbemutato-foel-a-motorra-es-adjad-neki-a-chemnitzi-interkulturalis-filmhet-kereteben\/"},"wordCount":340,"publisher":{"@id":"https:\/\/www.ungarn-in-sachsen.de\/hu\/#organization"},"image":{"@id":"https:\/\/www.ungarn-in-sachsen.de\/hu\/filmbemutato-foel-a-motorra-es-adjad-neki-a-chemnitzi-interkulturalis-filmhet-kereteben\/#primaryimage"},"thumbnailUrl":"http:\/\/www.ungarn-in-sachsen.de\/wp-content\/uploads\/2017\/10\/bild-225x300.jpg","articleSection":["Allgemein"],"inLanguage":"hu"},{"@type":"WebPage","@id":"https:\/\/www.ungarn-in-sachsen.de\/hu\/filmbemutato-foel-a-motorra-es-adjad-neki-a-chemnitzi-interkulturalis-filmhet-kereteben\/","url":"https:\/\/www.ungarn-in-sachsen.de\/hu\/filmbemutato-foel-a-motorra-es-adjad-neki-a-chemnitzi-interkulturalis-filmhet-kereteben\/","name":"Filmbemutat\u00f3 \"F\u00f6l a motorra \u00e9s adjad neki!\" a chemnitzi Interkultur\u00e1lis Filmh\u00e9t keret\u00e9ben - Ungarischer Kulturverein Chemnitz und Umgebung e. V.","isPartOf":{"@id":"https:\/\/www.ungarn-in-sachsen.de\/hu\/#website"},"primaryImageOfPage":{"@id":"https:\/\/www.ungarn-in-sachsen.de\/hu\/filmbemutato-foel-a-motorra-es-adjad-neki-a-chemnitzi-interkulturalis-filmhet-kereteben\/#primaryimage"},"image":{"@id":"https:\/\/www.ungarn-in-sachsen.de\/hu\/filmbemutato-foel-a-motorra-es-adjad-neki-a-chemnitzi-interkulturalis-filmhet-kereteben\/#primaryimage"},"thumbnailUrl":"http:\/\/www.ungarn-in-sachsen.de\/wp-content\/uploads\/2017\/10\/bild-225x300.jpg","datePublished":"2025-08-23T17:01:08+00:00","dateModified":"2025-08-23T17:05:59+00:00","breadcrumb":{"@id":"https:\/\/www.ungarn-in-sachsen.de\/hu\/filmbemutato-foel-a-motorra-es-adjad-neki-a-chemnitzi-interkulturalis-filmhet-kereteben\/#breadcrumb"},"inLanguage":"hu","potentialAction":[{"@type":"ReadAction","target":["https:\/\/www.ungarn-in-sachsen.de\/hu\/filmbemutato-foel-a-motorra-es-adjad-neki-a-chemnitzi-interkulturalis-filmhet-kereteben\/"]}]},{"@type":"ImageObject","inLanguage":"hu","@id":"https:\/\/www.ungarn-in-sachsen.de\/hu\/filmbemutato-foel-a-motorra-es-adjad-neki-a-chemnitzi-interkulturalis-filmhet-kereteben\/#primaryimage","url":"http:\/\/www.ungarn-in-sachsen.de\/wp-content\/uploads\/2017\/10\/bild-225x300.jpg","contentUrl":"http:\/\/www.ungarn-in-sachsen.de\/wp-content\/uploads\/2017\/10\/bild-225x300.jpg"},{"@type":"BreadcrumbList","@id":"https:\/\/www.ungarn-in-sachsen.de\/hu\/filmbemutato-foel-a-motorra-es-adjad-neki-a-chemnitzi-interkulturalis-filmhet-kereteben\/#breadcrumb","itemListElement":[{"@type":"ListItem","position":1,"name":"Startseite","item":"https:\/\/www.ungarn-in-sachsen.de\/hu\/"},{"@type":"ListItem","position":2,"name":"Filmbemutat\u00f3 &#8220;F\u00f6l a motorra \u00e9s adjad neki!&#8221; a chemnitzi Interkultur\u00e1lis Filmh\u00e9t keret\u00e9ben"}]},{"@type":"WebSite","@id":"https:\/\/www.ungarn-in-sachsen.de\/hu\/#website","url":"https:\/\/www.ungarn-in-sachsen.de\/hu\/","name":"Ungarischer Kulturverein Chemnitz und Umgebung e. V.","description":"Treffpunkt f\u00fcr Freunde der ungarischen Kultur","publisher":{"@id":"https:\/\/www.ungarn-in-sachsen.de\/hu\/#organization"},"potentialAction":[{"@type":"SearchAction","target":{"@type":"EntryPoint","urlTemplate":"https:\/\/www.ungarn-in-sachsen.de\/hu\/?s={search_term_string}"},"query-input":{"@type":"PropertyValueSpecification","valueRequired":true,"valueName":"search_term_string"}}],"inLanguage":"hu"},{"@type":"Organization","@id":"https:\/\/www.ungarn-in-sachsen.de\/hu\/#organization","name":"Ungarischer Kulturverein Chemnitz und Umgebung e.V.","url":"https:\/\/www.ungarn-in-sachsen.de\/hu\/","logo":{"@type":"ImageObject","inLanguage":"hu","@id":"https:\/\/www.ungarn-in-sachsen.de\/hu\/#\/schema\/logo\/image\/","url":"https:\/\/www.ungarn-in-sachsen.de\/wp-content\/uploads\/2019\/04\/logo.jpg","contentUrl":"https:\/\/www.ungarn-in-sachsen.de\/wp-content\/uploads\/2019\/04\/logo.jpg","width":266,"height":170,"caption":"Ungarischer Kulturverein Chemnitz und Umgebung e.V."},"image":{"@id":"https:\/\/www.ungarn-in-sachsen.de\/hu\/#\/schema\/logo\/image\/"},"sameAs":["https:\/\/www.facebook.com\/Ungarischer-Kulturverein-Chemnitz-und-Umgebung-eV-229421257171599\/"]},{"@type":"Person","@id":"https:\/\/www.ungarn-in-sachsen.de\/hu\/#\/schema\/person\/0134c9680c14e08af40f4fd16196ae98","name":"Katalin","url":"https:\/\/www.ungarn-in-sachsen.de\/hu\/author\/admin\/"}]}},"_links":{"self":[{"href":"https:\/\/www.ungarn-in-sachsen.de\/hu\/wp-json\/wp\/v2\/posts\/35135","targetHints":{"allow":["GET"]}}],"collection":[{"href":"https:\/\/www.ungarn-in-sachsen.de\/hu\/wp-json\/wp\/v2\/posts"}],"about":[{"href":"https:\/\/www.ungarn-in-sachsen.de\/hu\/wp-json\/wp\/v2\/types\/post"}],"author":[{"embeddable":true,"href":"https:\/\/www.ungarn-in-sachsen.de\/hu\/wp-json\/wp\/v2\/users\/7"}],"replies":[{"embeddable":true,"href":"https:\/\/www.ungarn-in-sachsen.de\/hu\/wp-json\/wp\/v2\/comments?post=35135"}],"version-history":[{"count":0,"href":"https:\/\/www.ungarn-in-sachsen.de\/hu\/wp-json\/wp\/v2\/posts\/35135\/revisions"}],"wp:attachment":[{"href":"https:\/\/www.ungarn-in-sachsen.de\/hu\/wp-json\/wp\/v2\/media?parent=35135"}],"wp:term":[{"taxonomy":"category","embeddable":true,"href":"https:\/\/www.ungarn-in-sachsen.de\/hu\/wp-json\/wp\/v2\/categories?post=35135"},{"taxonomy":"post_tag","embeddable":true,"href":"https:\/\/www.ungarn-in-sachsen.de\/hu\/wp-json\/wp\/v2\/tags?post=35135"}],"curies":[{"name":"wp","href":"https:\/\/api.w.org\/{rel}","templated":true}]}}